{"id":97363,"date":"2026-09-04T12:39:23","date_gmt":"2026-09-04T18:39:23","guid":{"rendered":"https:\/\/observatoriolibertadreligiosa.org\/?p=97363"},"modified":"2026-09-04T12:39:23","modified_gmt":"2026-09-04T18:39:23","slug":"nigeria-inician-la-busqueda-de-cientos-de-fieles-secuestrados-en-mezquitas","status":"publish","type":"post","link":"https:\/\/observatoriolibertadreligiosa.org\/?p=97363","title":{"rendered":"(Nigeria) Inician la b\u00fasqueda de cientos de fieles secuestrados en mezquitas"},"content":{"rendered":"\n<p class=\"wp-block-paragraph\">Nigeria inici\u00f3 la b\u00fasqueda de cientos de personas secuestradas en mezquitas del norte del pa\u00eds.<\/p>\n\n\n\n<p class=\"wp-block-paragraph\">Las fuerzas armadas y otros servicios de seguridad comenzaron la operaci\u00f3n el mi\u00e9rcoles, despu\u00e9s de que el presidente Bola Tinubu ordenara una importante misi\u00f3n para localizar a unos 600 fieles secuestrados la semana anterior en los alrededores de la aldea de Dekera, en el estado de N\u00edger.<\/p>\n\n\n\n<p class=\"wp-block-paragraph\">\u201cHe ordenado a las Fuerzas Armadas, la Polic\u00eda de Nigeria, el Departamento de Servicios del Estado y todos los organismos pertinentes que inicien de inmediato una operaci\u00f3n coordinada de rescate\u201d, escribi\u00f3 el presidente en redes sociales.<\/p>\n\n\n\n<p class=\"wp-block-paragraph\">Los secuestros masivos para exigir rescates han aumentado en el norte de Nigeria desde principios de a\u00f1o. El asunto se ha vuelto pol\u00edticamente sensible antes de las elecciones presidenciales de enero, en las que la seguridad ser\u00e1 probablemente un tema central.<\/p>\n\n\n\n<p class=\"wp-block-paragraph\">El domingo, los secuestradores difundieron un video que aparentemente muestra a un gran grupo cautivo por hombres armados en una zona boscosa. Se oye llorar a ni\u00f1os y a un pistolero hablando en hausa a las familias para que identifiquen a sus parientes. Las agencias no pudieron verificar la fecha o lugar exactos de la grabaci\u00f3n.<\/p>\n\n\n\n<p class=\"wp-block-paragraph\">Un funcionario del distrito dijo a Reuters que treinta personas murieron en los ataques del viernes y fueron enterradas el domingo. Amnist\u00eda Internacional inst\u00f3 a las autoridades a conseguir la liberaci\u00f3n de los fieles y advirti\u00f3 sobre la creciente amenaza de los secuestros masivos.<\/p>\n\n\n\n<p class=\"wp-block-paragraph\">La presidencia conden\u00f3 el \u201ccobarde ataque contra nigerianos indefensos\u201d y prometi\u00f3 llevar a los responsables ante la justicia. \u201cNo est\u00e1n solos\u201d, escribi\u00f3 Tinubu a las familias. \u201cToda la naci\u00f3n comparte su angustia. No descansaremos hasta que sus hijos, hijas, madres y padres regresen sanos y salvos\u201d.<\/p>\n\n\n\n<p class=\"wp-block-paragraph\">Abubakar Umar, dirigente de la comunidad de Dekera, dijo que al menos dos mil personas huyeron al vecino Ben\u00edn despu\u00e9s de los ataques.<\/p>\n\n\n\n<p class=\"wp-block-paragraph\">El noroeste de Nigeria ha sido durante mucho tiempo una zona de tr\u00e1nsito de armas y hombres armados por \u00c1frica occidental. Junto con N\u00edger, Chad y Ben\u00edn, la zona es cada vez m\u00e1s escenario de ataques de Boko Haram y del Estado Isl\u00e1mico.<\/p>\n\n\n\n<p class=\"wp-block-paragraph\">El experto en seguridad Kabir Adamu dijo que no era posible determinar qui\u00e9n era responsable, pero esperaba que los hombres armados exigieran un rescate. A\u00f1adi\u00f3 que el secuestro a plena luz del d\u00eda mostraba la ineficacia de las operaciones de seguridad.<\/p>\n\n\n\n<p class=\"wp-block-paragraph\">Sin embargo, \u201cel terror no intimidar\u00e1 a Nigeria\u201d, insisti\u00f3 Tinubu. \u201cDefenderemos a nuestro pueblo, protegeremos nuestras comunidades y defenderemos la santidad de la vida humana\u201d, afirm\u00f3, y orden\u00f3 recibir informes peri\u00f3dicos hasta que se localice a todos los secuestrados.<\/p>\n\n\n\n<p class=\"wp-block-paragraph\"><strong>Fuente: <\/strong><a href=\"https:\/\/www.aljazeera.com\/news\/2026\/8\/26\/nigeria-launches-hunt-for-hundreds-of-kidnapped-mosque-worshippers\">Al Jazeera<\/a><\/p>\n","protected":false},"excerpt":{"rendered":"<p>Nigeria inici\u00f3 la b\u00fasqueda de cientos de personas secuestradas en mezquitas del norte del pa\u00eds. Las fuerzas armadas y otros servicios de seguridad comenzaron la operaci\u00f3n el mi\u00e9rcoles, despu\u00e9s de que el presidente Bola Tinubu ordenara una importante misi\u00f3n para localizar a unos 600 fieles secuestrados la semana anterior en los alrededores de la aldea [&hellip;]<\/p>\n","protected":false},"author":6,"featured_media":97364,"comment_status":"open","ping_status":"open","sticky":false,"template":"","format":"standard","meta":{"footnotes":""},"categories":[80],"tags":[138,433,507],"class_list":["post-97363","post","type-post","status-publish","format-standard","has-post-thumbnail","hentry","category-internacional","tag-musulmanes","tag-nigeria","tag-violencia"],"_links":{"self":[{"href":"https:\/\/observatoriolibertadreligiosa.org\/index.php?rest_route=\/wp\/v2\/posts\/97363","targetHints":{"allow":["GET"]}}],"collection":[{"href":"https:\/\/observatoriolibertadreligiosa.org\/index.php?rest_route=\/wp\/v2\/posts"}],"about":[{"href":"https:\/\/observatoriolibertadreligiosa.org\/index.php?rest_route=\/wp\/v2\/types\/post"}],"author":[{"embeddable":true,"href":"https:\/\/observatoriolibertadreligiosa.org\/index.php?rest_route=\/wp\/v2\/users\/6"}],"replies":[{"embeddable":true,"href":"https:\/\/observatoriolibertadreligiosa.org\/index.php?rest_route=%2Fwp%2Fv2%2Fcomments&post=97363"}],"version-history":[{"count":1,"href":"https:\/\/observatoriolibertadreligiosa.org\/index.php?rest_route=\/wp\/v2\/posts\/97363\/revisions"}],"predecessor-version":[{"id":97365,"href":"https:\/\/observatoriolibertadreligiosa.org\/index.php?rest_route=\/wp\/v2\/posts\/97363\/revisions\/97365"}],"wp:featuredmedia":[{"embeddable":true,"href":"https:\/\/observatoriolibertadreligiosa.org\/index.php?rest_route=\/wp\/v2\/media\/97364"}],"wp:attachment":[{"href":"https:\/\/observatoriolibertadreligiosa.org\/index.php?rest_route=%2Fwp%2Fv2%2Fmedia&parent=97363"}],"wp:term":[{"taxonomy":"category","embeddable":true,"href":"https:\/\/observatoriolibertadreligiosa.org\/index.php?rest_route=%2Fwp%2Fv2%2Fcategories&post=97363"},{"taxonomy":"post_tag","embeddable":true,"href":"https:\/\/observatoriolibertadreligiosa.org\/index.php?rest_route=%2Fwp%2Fv2%2Ftags&post=97363"}],"curies":[{"name":"wp","href":"https:\/\/api.w.org\/{rel}","templated":true}]}}