{"id":97357,"date":"2026-09-04T12:36:22","date_gmt":"2026-09-04T18:36:22","guid":{"rendered":"https:\/\/observatoriolibertadreligiosa.org\/?p=97357"},"modified":"2026-09-04T12:36:22","modified_gmt":"2026-09-04T18:36:22","slug":"internacional-expertos-de-la-onu-denuncian-tortura-desaparicion-forzada-y-persecucion-de-los-bahais-en-iran","status":"publish","type":"post","link":"https:\/\/observatoriolibertadreligiosa.org\/?p=97357","title":{"rendered":"(Internacional) Expertos de la ONU denuncian tortura, desaparici\u00f3n forzada y persecuci\u00f3n de los bah\u00e1\u2019\u00eds en Ir\u00e1n"},"content":{"rendered":"\n<p class=\"wp-block-paragraph\">Un grupo de relatores especiales y expertos en derechos humanos de Naciones Unidas emiti\u00f3 una declaraci\u00f3n conjunta en la que expresa grave preocupaci\u00f3n por las detenciones arbitrarias, desapariciones forzadas, tortura y otros malos tratos infligidos a miembros de la comunidad bah\u00e1\u2019\u00ed de Ir\u00e1n. Advirti\u00f3 que varias personas detenidas enfrentan graves riesgos para su salud f\u00edsica y mental.<\/p>\n\n\n\n<p class=\"wp-block-paragraph\">La declaraci\u00f3n, emitida por trece expertos de la ONU \u2014incluidos integrantes de los grupos de trabajo sobre desapariciones forzadas y detenci\u00f3n arbitraria\u2014, destaca un patr\u00f3n de graves violaciones de derechos humanos contra los bah\u00e1\u2019\u00eds en Ir\u00e1n, en medio de un fuerte aumento de arrestos desde el estallido de la crisis reciente del pa\u00eds.<\/p>\n\n\n\n<p class=\"wp-block-paragraph\">Los expertos dijeron estar \u201cprofundamente preocupados por informes de que personas bah\u00e1\u2019\u00eds est\u00e1n siendo sometidas a detenci\u00f3n incomunicada, tortura y desaparici\u00f3n forzada\u201d, y afirmaron que el patr\u00f3n de abusos constituye una clara violaci\u00f3n del derecho internacional. Se\u00f1alaron que 57 bah\u00e1\u2019\u00eds se encuentran detenidos o encarcelados y que algunos habr\u00edan sido obligados mediante tortura a realizar confesiones falsas, posteriormente difundidas en medios estatales.<\/p>\n\n\n\n<p class=\"wp-block-paragraph\">Entre los casos se\u00f1alados est\u00e1n Peyvand Naimi y Borna Naimi, quienes, seg\u00fan los expertos, soportaron graves abusos f\u00edsicos y psicol\u00f3gicos, incluidas ejecuciones simuladas para obtener confesiones falsas. Tambi\u00e9n llamaron la atenci\u00f3n sobre las detenciones de Payam Vali, Roya Sabet, Artin Ghazanfari y Shakila Ghasemi.<\/p>\n\n\n\n<p class=\"wp-block-paragraph\">La declaraci\u00f3n describi\u00f3 el trato a los bah\u00e1\u2019\u00eds como parte de un patr\u00f3n m\u00e1s amplio de creciente represi\u00f3n y estigmatizaci\u00f3n, junto con una ola de arrestos en todo Ir\u00e1n, que agrava los riesgos de las minor\u00edas religiosas. \u201cAtacar a comunidades religiosas minoritarias mediante presuntas detenciones arbitrarias, desapariciones forzadas y coerci\u00f3n constituye una violaci\u00f3n flagrante del derecho a la libertad de religi\u00f3n o de creencias\u201d, afirmaron.<\/p>\n\n\n\n<p class=\"wp-block-paragraph\">Los expertos recordaron que Ir\u00e1n, como Estado parte del Pacto Internacional de Derechos Civiles y Pol\u00edticos, est\u00e1 obligado a defender la libertad religiosa, prohibir la tortura y la desaparici\u00f3n forzada, garantizar el debido proceso y proteger los derechos de las minor\u00edas. Pidieron acceso inmediato a asistencia jur\u00eddica y m\u00e9dica para los detenidos e investigaciones independientes de todas las denuncias.<\/p>\n\n\n\n<p class=\"wp-block-paragraph\">\u201cSe requieren medidas urgentes para evitar da\u00f1os irreparables\u201d, se\u00f1alaron.<\/p>\n\n\n\n<p class=\"wp-block-paragraph\"><strong>Relatores especiales y expertos de la ONU que emitieron la declaraci\u00f3n<\/strong><\/p>\n\n\n\n<p class=\"wp-block-paragraph\">Nicolas Levrat, relator especial sobre cuestiones de las minor\u00edas; Nazila Ghanea, relatora especial sobre la libertad de religi\u00f3n o de creencias; Matthew Gillett, presidente-relator del Grupo de Trabajo sobre la Detenci\u00f3n Arbitraria; Ganna Yudkivska, vicepresidenta de Comunicaciones; Ethan Hee-Seok Shin, vicepresidente de Seguimiento; Miriam Estrada-Castillo y Mumba Malila, integrantes del Grupo de Trabajo sobre la Detenci\u00f3n Arbitraria, junto con los dem\u00e1s miembros firmantes de los mecanismos de Naciones Unidas mencionados en la declaraci\u00f3n.<\/p>\n\n\n\n<p class=\"wp-block-paragraph\"><strong>Fuente: <\/strong><a href=\"https:\/\/www.bic.org\/fa\/node\/3612\">Comunidad Internacional Bah\u00e1\u2019\u00ed<\/a><\/p>\n","protected":false},"excerpt":{"rendered":"<p>Un grupo de relatores especiales y expertos en derechos humanos de Naciones Unidas emiti\u00f3 una declaraci\u00f3n conjunta en la que expresa grave preocupaci\u00f3n por las detenciones arbitrarias, desapariciones forzadas, tortura y otros malos tratos infligidos a miembros de la comunidad bah\u00e1\u2019\u00ed de Ir\u00e1n. Advirti\u00f3 que varias personas detenidas enfrentan graves riesgos para su salud f\u00edsica [&hellip;]<\/p>\n","protected":false},"author":6,"featured_media":97358,"comment_status":"open","ping_status":"open","sticky":false,"template":"","format":"standard","meta":{"footnotes":""},"categories":[80],"tags":[1762,324,663],"class_list":["post-97357","post","type-post","status-publish","format-standard","has-post-thumbnail","hentry","category-internacional","tag-bahai-2","tag-iran","tag-persecucion-religiosa"],"_links":{"self":[{"href":"https:\/\/observatoriolibertadreligiosa.org\/index.php?rest_route=\/wp\/v2\/posts\/97357","targetHints":{"allow":["GET"]}}],"collection":[{"href":"https:\/\/observatoriolibertadreligiosa.org\/index.php?rest_route=\/wp\/v2\/posts"}],"about":[{"href":"https:\/\/observatoriolibertadreligiosa.org\/index.php?rest_route=\/wp\/v2\/types\/post"}],"author":[{"embeddable":true,"href":"https:\/\/observatoriolibertadreligiosa.org\/index.php?rest_route=\/wp\/v2\/users\/6"}],"replies":[{"embeddable":true,"href":"https:\/\/observatoriolibertadreligiosa.org\/index.php?rest_route=%2Fwp%2Fv2%2Fcomments&post=97357"}],"version-history":[{"count":1,"href":"https:\/\/observatoriolibertadreligiosa.org\/index.php?rest_route=\/wp\/v2\/posts\/97357\/revisions"}],"predecessor-version":[{"id":97359,"href":"https:\/\/observatoriolibertadreligiosa.org\/index.php?rest_route=\/wp\/v2\/posts\/97357\/revisions\/97359"}],"wp:featuredmedia":[{"embeddable":true,"href":"https:\/\/observatoriolibertadreligiosa.org\/index.php?rest_route=\/wp\/v2\/media\/97358"}],"wp:attachment":[{"href":"https:\/\/observatoriolibertadreligiosa.org\/index.php?rest_route=%2Fwp%2Fv2%2Fmedia&parent=97357"}],"wp:term":[{"taxonomy":"category","embeddable":true,"href":"https:\/\/observatoriolibertadreligiosa.org\/index.php?rest_route=%2Fwp%2Fv2%2Fcategories&post=97357"},{"taxonomy":"post_tag","embeddable":true,"href":"https:\/\/observatoriolibertadreligiosa.org\/index.php?rest_route=%2Fwp%2Fv2%2Ftags&post=97357"}],"curies":[{"name":"wp","href":"https:\/\/api.w.org\/{rel}","templated":true}]}}