{"id":97351,"date":"2026-09-04T12:33:46","date_gmt":"2026-09-04T18:33:46","guid":{"rendered":"https:\/\/observatoriolibertadreligiosa.org\/?p=97351"},"modified":"2026-09-04T12:33:46","modified_gmt":"2026-09-04T18:33:46","slug":"canada-hombre-sij-es-apunalado-y-herido-en-un-presunto-crimen-de-odio-en-canada","status":"publish","type":"post","link":"https:\/\/observatoriolibertadreligiosa.org\/?p=97351","title":{"rendered":"(Canad\u00e1) Hombre sij es apu\u00f1alado y herido en un presunto crimen de odio en Canad\u00e1"},"content":{"rendered":"\n<p class=\"wp-block-paragraph\">La polic\u00eda de Toronto busca a una persona no identificada que apu\u00f1al\u00f3 el s\u00e1bado a un hombre sij en lo que fue descrito como una agresi\u00f3n presuntamente motivada por el odio.<\/p>\n\n\n\n<p class=\"wp-block-paragraph\">En un comunicado emitido el lunes, el Servicio de Polic\u00eda de Toronto pidi\u00f3 ayuda al p\u00fablico para identificar al sospechoso y difundi\u00f3 una fotograf\u00eda.<\/p>\n\n\n\n<p class=\"wp-block-paragraph\">El s\u00e1bado, la polic\u00eda respondi\u00f3 a una llamada relacionada con una persona armada con un cuchillo. Seg\u00fan las autoridades, el sospechoso se acerc\u00f3 a la v\u00edctima y a un testigo durante una interacci\u00f3n no provocada, profiri\u00f3 expresiones antisijes e insultos raciales y despu\u00e9s atac\u00f3 presuntamente a la v\u00edctima con un arma.<\/p>\n\n\n\n<p class=\"wp-block-paragraph\">La v\u00edctima fue apu\u00f1alada en el muslo y sufri\u00f3 lesiones que no ponen en peligro su vida. El sospechoso fue descrito como un hombre de aproximadamente 1.68 metros de estatura y cabello negro. \u201cEsta investigaci\u00f3n se est\u00e1 tratando como un presunto delito motivado por el odio\u201d, indic\u00f3 la polic\u00eda.<\/p>\n\n\n\n<p class=\"wp-block-paragraph\">Cuando se denuncian delitos presuntamente motivados por el odio, la investigaci\u00f3n es dirigida por la Unidad de Delitos de Odio. Si se alega la comisi\u00f3n de un delito y se cree que estuvo motivado por prejuicio u odio, el responsable puede consultar con la Corona, denominaci\u00f3n de la fiscal\u00eda en Canad\u00e1. Si una persona es acusada y condenada, el juez considerar\u00e1 el odio como factor agravante al imponer la sentencia.<\/p>\n\n\n\n<p class=\"wp-block-paragraph\">La promoci\u00f3n deliberada del odio y la defensa del genocidio son delitos de propaganda de odio que requieren el consentimiento del fiscal general para presentar cargos, los cuales suelen formularse posteriormente.<\/p>\n\n\n\n<p class=\"wp-block-paragraph\">Este incidente fue el m\u00e1s reciente de una serie de agresiones verbales y f\u00edsicas aparentemente motivadas por el odio contra personas de origen indio, en un contexto de aumento del sentimiento antiinmigrante en Canad\u00e1. Como India es el principal pa\u00eds de origen de inmigrantes, sus ciudadanos han soportado gran parte de la negatividad, y los sijes especialmente por ser una comunidad muy visible. La situaci\u00f3n se ha agravado en los \u00faltimos a\u00f1os por la influencia de la ret\u00f3rica antiinmigrante del Gobierno del presidente estadounidense Donald Trump.<\/p>\n\n\n\n<p class=\"wp-block-paragraph\"><strong>Fuente: <\/strong><a href=\"https:\/\/www.hindustantimes.com\/world-news\/sikh-man-stabbed-injured-in-suspected-hate-crime-in-canada-101788247325452.html\">Hindustan Times<\/a><\/p>\n","protected":false},"excerpt":{"rendered":"<p>La polic\u00eda de Toronto busca a una persona no identificada que apu\u00f1al\u00f3 el s\u00e1bado a un hombre sij en lo que fue descrito como una agresi\u00f3n presuntamente motivada por el odio. En un comunicado emitido el lunes, el Servicio de Polic\u00eda de Toronto pidi\u00f3 ayuda al p\u00fablico para identificar al sospechoso y difundi\u00f3 una fotograf\u00eda. [&hellip;]<\/p>\n","protected":false},"author":6,"featured_media":97352,"comment_status":"open","ping_status":"open","sticky":false,"template":"","format":"standard","meta":{"footnotes":""},"categories":[80],"tags":[274,1216],"class_list":["post-97351","post","type-post","status-publish","format-standard","has-post-thumbnail","hentry","category-internacional","tag-canada","tag-sijismo"],"_links":{"self":[{"href":"https:\/\/observatoriolibertadreligiosa.org\/index.php?rest_route=\/wp\/v2\/posts\/97351","targetHints":{"allow":["GET"]}}],"collection":[{"href":"https:\/\/observatoriolibertadreligiosa.org\/index.php?rest_route=\/wp\/v2\/posts"}],"about":[{"href":"https:\/\/observatoriolibertadreligiosa.org\/index.php?rest_route=\/wp\/v2\/types\/post"}],"author":[{"embeddable":true,"href":"https:\/\/observatoriolibertadreligiosa.org\/index.php?rest_route=\/wp\/v2\/users\/6"}],"replies":[{"embeddable":true,"href":"https:\/\/observatoriolibertadreligiosa.org\/index.php?rest_route=%2Fwp%2Fv2%2Fcomments&post=97351"}],"version-history":[{"count":1,"href":"https:\/\/observatoriolibertadreligiosa.org\/index.php?rest_route=\/wp\/v2\/posts\/97351\/revisions"}],"predecessor-version":[{"id":97353,"href":"https:\/\/observatoriolibertadreligiosa.org\/index.php?rest_route=\/wp\/v2\/posts\/97351\/revisions\/97353"}],"wp:featuredmedia":[{"embeddable":true,"href":"https:\/\/observatoriolibertadreligiosa.org\/index.php?rest_route=\/wp\/v2\/media\/97352"}],"wp:attachment":[{"href":"https:\/\/observatoriolibertadreligiosa.org\/index.php?rest_route=%2Fwp%2Fv2%2Fmedia&parent=97351"}],"wp:term":[{"taxonomy":"category","embeddable":true,"href":"https:\/\/observatoriolibertadreligiosa.org\/index.php?rest_route=%2Fwp%2Fv2%2Fcategories&post=97351"},{"taxonomy":"post_tag","embeddable":true,"href":"https:\/\/observatoriolibertadreligiosa.org\/index.php?rest_route=%2Fwp%2Fv2%2Ftags&post=97351"}],"curies":[{"name":"wp","href":"https:\/\/api.w.org\/{rel}","templated":true}]}}