{"id":97348,"date":"2026-09-04T12:32:42","date_gmt":"2026-09-04T18:32:42","guid":{"rendered":"https:\/\/observatoriolibertadreligiosa.org\/?p=97348"},"modified":"2026-09-04T12:32:42","modified_gmt":"2026-09-04T18:32:42","slug":"india-protestas-estudiantiles-muestran-solidaridad-interreligiosa","status":"publish","type":"post","link":"https:\/\/observatoriolibertadreligiosa.org\/?p=97348","title":{"rendered":"(India) Protestas estudiantiles muestran solidaridad interreligiosa"},"content":{"rendered":"\n<p class=\"wp-block-paragraph\">Casi dos meses despu\u00e9s de que estudiantes iniciaran protestas contra el ministro de Educaci\u00f3n de India, Dharmendra Pradhan, por presuntas filtraciones de ex\u00e1menes de ingreso a medicina, el ministro renunci\u00f3.<\/p>\n\n\n\n<p class=\"wp-block-paragraph\">Durante las manifestaciones, el movimiento reflej\u00f3 el esp\u00edritu del compromiso interreligioso de India: personas de distintas comunidades religiosas se solidarizaron con los manifestantes encabezados por el movimiento Cockroach Janata Party en Nueva Delhi.<\/p>\n\n\n\n<p class=\"wp-block-paragraph\">Hombres musulmanes distribuyeron comida gratuita. Se vio a un monje budista abanicando a un musulm\u00e1n mientras oraba. La Iglesia Ortodoxa Siria Malankara conden\u00f3 la acci\u00f3n policial e inst\u00f3 a atender las preocupaciones mediante di\u00e1logo y acciones constructivas.<\/p>\n\n\n\n<p class=\"wp-block-paragraph\">Sacerdotes y miembros cristianos llegaron al lugar junto con grupos hind\u00faes, musulmanes y sijes. Su participaci\u00f3n form\u00f3 parte de un esfuerzo interreligioso m\u00e1s amplio de solidaridad con los j\u00f3venes que se manifestaban contra el Gobierno.<\/p>\n\n\n\n<p class=\"wp-block-paragraph\"><strong>La participaci\u00f3n de los grupos religiosos sigue siendo importante<\/strong><\/p>\n\n\n\n<p class=\"wp-block-paragraph\">Desde que Narendra Modi lleg\u00f3 al poder en 2014, la divisi\u00f3n religiosa se ha ampliado. Extremistas nacionalistas hind\u00faes vinculados ideol\u00f3gicamente con el partido gobernante BJP han gozado de impunidad pese a presuntos delitos, incluidos linchamientos de musulmanes relacionados con el comercio de ganado o el consumo de carne y acusaciones de conversiones forzadas.<\/p>\n\n\n\n<p class=\"wp-block-paragraph\">Seg\u00fan South Asia Justice Campaign, durante el segundo trimestre de 2025 al menos cien musulmanes fueron agredidos, heridos o atacados f\u00edsicamente en delitos de odio religioso. Grupos armados hindutva han destruido iglesias, interrumpido reuniones de oraci\u00f3n y atacado a pastores despu\u00e9s de conversiones al cristianismo. Open Doors informa de un aumento significativo de ataques contra cristianos desde 2014. En 2026 se hab\u00edan registrado 16 cristianos muertos, 82 edificios atacados, 1.622 cristianos detenidos y 22 v\u00edctimas de violaci\u00f3n o acoso sexual.<\/p>\n\n\n\n<p class=\"wp-block-paragraph\">En este contexto, l\u00edderes de todas las religiones se unieron para apoyar a los j\u00f3venes y proteger su futuro. Muchos vieron ese mensaje de unidad y diversidad como una respuesta a la polarizaci\u00f3n institucionalizada que utiliz\u00f3 la religi\u00f3n como arma durante la \u00faltima d\u00e9cada.<\/p>\n\n\n\n<p class=\"wp-block-paragraph\">Partidarios del Gobierno califican la protesta de \u201cantihind\u00fa\u201d<\/p>\n\n\n\n<p class=\"wp-block-paragraph\">Pese a que el destacado l\u00edder hind\u00fa Jyotirmath Shankaracharya Swami Avimukteshwaranand Saraswati respald\u00f3 p\u00fablicamente el movimiento, algunas personas intentaron etiquetarlo en redes como \u201cantihind\u00fa\u201d.<\/p>\n\n\n\n<p class=\"wp-block-paragraph\">Los manifestantes denunciaron el robo de millones de rupias de un fideicomiso de un templo hind\u00fa en Ayodhya, construido despu\u00e9s de que extremistas hindutva demolieran una mezquita del siglo XVI.<\/p>\n\n\n\n<p class=\"wp-block-paragraph\">Medios convencionales retrataron las protestas como violentas y criticaron que sijes portaran kirpanes ceremoniales y lanzas ante la polic\u00eda. Usuarios compartieron un video recortado en el que se o\u00eda el lema isl\u00e1mico \u201cNara-e-Takbeer\u201d, pero el verificador BOOM concluy\u00f3 que el video original mostraba al orador transmitiendo un mensaje de unidad y pronunciando consignas de otras religiones junto con la isl\u00e1mica.<\/p>\n\n\n\n<p class=\"wp-block-paragraph\">Algunos manifestantes hind\u00faes dijeron haber recibido mensajes que los acusaban de convertirse al islam. Un musulm\u00e1n que don\u00f3 alimentos durante varios d\u00edas acudi\u00f3 al Tribunal Supremo por supuesto hostigamiento policial. Afirm\u00f3 que fue retenido hasta seis horas, amenazado y abandonado en una carretera, y que la polic\u00eda detuvo a su padre, allan\u00f3 su casa y se llev\u00f3 a otros familiares.<\/p>\n\n\n\n<p class=\"wp-block-paragraph\"><strong>Ya no est\u00e1n divididos<\/strong><\/p>\n\n\n\n<p class=\"wp-block-paragraph\">El 20 de julio, cuando la polic\u00eda carg\u00f3 con bastones de bamb\u00fa y gases lacrim\u00f3genos contra manifestantes pac\u00edficos que marchaban hacia el Parlamento, templos hind\u00faes cercanos supuestamente cerraron sus puertas a quienes buscaban refugio. El templo afirm\u00f3 que les impidi\u00f3 entrar porque llevaban zapatos, lo cual est\u00e1 prohibido.<\/p>\n\n\n\n<p class=\"wp-block-paragraph\">En cambio, mezquitas y un gurdwara sij del vecindario permitieron el ingreso de manifestantes. Numerosos j\u00f3venes advirtieron que cualquier intento del Gobierno, el BJP, la polic\u00eda, los medios o sus partidarios de generar tensiones ser\u00eda respondido con un movimiento mayor. El mensaje es claro: la joven<\/p>\n\n\n\n<p class=\"wp-block-paragraph\"><strong>Fuente: <\/strong><a href=\"https:\/\/religionunplugged.com\/news\/india-student-protest-became-unlikely-showcase-of-interfaith-unity\">Religion Unplugged<\/a><\/p>\n","protected":false},"excerpt":{"rendered":"<p>Casi dos meses despu\u00e9s de que estudiantes iniciaran protestas contra el ministro de Educaci\u00f3n de India, Dharmendra Pradhan, por presuntas filtraciones de ex\u00e1menes de ingreso a medicina, el ministro renunci\u00f3. Durante las manifestaciones, el movimiento reflej\u00f3 el esp\u00edritu del compromiso interreligioso de India: personas de distintas comunidades religiosas se solidarizaron con los manifestantes encabezados por [&hellip;]<\/p>\n","protected":false},"author":6,"featured_media":97349,"comment_status":"open","ping_status":"open","sticky":false,"template":"","format":"standard","meta":{"footnotes":""},"categories":[80],"tags":[211,165,761],"class_list":["post-97348","post","type-post","status-publish","format-standard","has-post-thumbnail","hentry","category-internacional","tag-india","tag-interreligioso","tag-religiones"],"_links":{"self":[{"href":"https:\/\/observatoriolibertadreligiosa.org\/index.php?rest_route=\/wp\/v2\/posts\/97348","targetHints":{"allow":["GET"]}}],"collection":[{"href":"https:\/\/observatoriolibertadreligiosa.org\/index.php?rest_route=\/wp\/v2\/posts"}],"about":[{"href":"https:\/\/observatoriolibertadreligiosa.org\/index.php?rest_route=\/wp\/v2\/types\/post"}],"author":[{"embeddable":true,"href":"https:\/\/observatoriolibertadreligiosa.org\/index.php?rest_route=\/wp\/v2\/users\/6"}],"replies":[{"embeddable":true,"href":"https:\/\/observatoriolibertadreligiosa.org\/index.php?rest_route=%2Fwp%2Fv2%2Fcomments&post=97348"}],"version-history":[{"count":1,"href":"https:\/\/observatoriolibertadreligiosa.org\/index.php?rest_route=\/wp\/v2\/posts\/97348\/revisions"}],"predecessor-version":[{"id":97350,"href":"https:\/\/observatoriolibertadreligiosa.org\/index.php?rest_route=\/wp\/v2\/posts\/97348\/revisions\/97350"}],"wp:featuredmedia":[{"embeddable":true,"href":"https:\/\/observatoriolibertadreligiosa.org\/index.php?rest_route=\/wp\/v2\/media\/97349"}],"wp:attachment":[{"href":"https:\/\/observatoriolibertadreligiosa.org\/index.php?rest_route=%2Fwp%2Fv2%2Fmedia&parent=97348"}],"wp:term":[{"taxonomy":"category","embeddable":true,"href":"https:\/\/observatoriolibertadreligiosa.org\/index.php?rest_route=%2Fwp%2Fv2%2Fcategories&post=97348"},{"taxonomy":"post_tag","embeddable":true,"href":"https:\/\/observatoriolibertadreligiosa.org\/index.php?rest_route=%2Fwp%2Fv2%2Ftags&post=97348"}],"curies":[{"name":"wp","href":"https:\/\/api.w.org\/{rel}","templated":true}]}}