{"id":97345,"date":"2026-09-04T12:29:42","date_gmt":"2026-09-04T18:29:42","guid":{"rendered":"https:\/\/observatoriolibertadreligiosa.org\/?p=97345"},"modified":"2026-09-04T12:29:42","modified_gmt":"2026-09-04T18:29:42","slug":"colombia-cristianos-y-catolicos-rinden-homenaje-a-las-331-victimas-que-murieron-en-el-terremoto-del-10-de-agosto","status":"publish","type":"post","link":"https:\/\/observatoriolibertadreligiosa.org\/?p=97345","title":{"rendered":"(Colombia) Cristianos y cat\u00f3licos rinden homenaje a las 331 v\u00edctimas que murieron en el terremoto del 10 de agosto"},"content":{"rendered":"\n<p class=\"wp-block-paragraph\">Con velas, oraciones y c\u00e1nticos cristianos, cientos de colombianos rindieron homenaje este viernes a las 331 personas que murieron el pasado 10 de agosto en el terremoto de magnitud 7,4 que sacudi\u00f3 el centro y suroeste del pa\u00eds, que tambi\u00e9n deja 4.449 heridos y al menos 406.963 damnificados.<\/p>\n\n\n\n<p class=\"wp-block-paragraph\">El acto denominado \u2018Oraci\u00f3n por Colombia y gran velat\u00f3n por las v\u00edctimas y familias afectadas en el terremoto\u2019 se realiz\u00f3 en la c\u00e9ntrica Plaza de Bol\u00edvar de Bogot\u00e1 y congreg\u00f3 a cientos de asistentes, entre ellos el presidente, Abelardo de la Espriella, y la primera dama, Ana Luc\u00eda Pineda.<\/p>\n\n\n\n<p class=\"wp-block-paragraph\">La primera dama agradeci\u00f3 a los donantes internacionales que han enviado al menos 640 toneladas de ayuda humanitaria para atender a los damnificados, as\u00ed como a los nacionales, que en el caso de Bogot\u00e1 han recolectado unas 2.640 toneladas.<\/p>\n\n\n\n<p class=\"wp-block-paragraph\">\u00abGracias a cada donante, a los voluntarios, a las empresas, a las organizaciones y a todas las personas que tendieron su mano e hicieron posible llegar a los territorios afectados con gestos de amor, ayudas humanitarias y acompa\u00f1amiento psicol\u00f3gico\u00bb, manifest\u00f3 Pineda.<\/p>\n\n\n\n<p class=\"wp-block-paragraph\"><strong>El primer evento al p\u00fablico despu\u00e9s de la investidura<\/strong><\/p>\n\n\n\n<p class=\"wp-block-paragraph\">El acto se prolong\u00f3 por cerca de tres horas, donde el componente religioso fue protagonista, tal como aconteci\u00f3 el 7 de agosto cuando De la Espriella tom\u00f3 posesi\u00f3n del cargo en una ceremonia donde la religi\u00f3n fue protagonista.<\/p>\n\n\n\n<p class=\"wp-block-paragraph\">A diferencia del 7 de agosto, este viernes en la Plaza de Bol\u00edvar solo hubo intervenciones de l\u00edderes de iglesias cristianas y del catolicismo.<\/p>\n\n\n\n<p class=\"wp-block-paragraph\">El acto ecum\u00e9nico de hoy tambi\u00e9n fue el primero del mandatario abierto al p\u00fablico desde el acto de investidura del pasado 7 de agosto en Cali, y aunque se ten\u00eda previsto que De la Espriella se dirigiera a los asistentes a la plaza, la lluvia impidi\u00f3 que as\u00ed fuera porque el evento finaliz\u00f3 antes de lo previsto.<\/p>\n\n\n\n<p class=\"wp-block-paragraph\">El terremoto, cuyo epicentro se localiz\u00f3 en el municipio de San Jos\u00e9 del Palmar, en el departamento del Choc\u00f3, afect\u00f3 a 16 departamentos y 494 municipios, dejando adem\u00e1s 187.839 viviendas da\u00f1adas y otras 33.395 destruidas, seg\u00fan el m\u00e1s reciente balance de las autoridades.<\/p>\n\n\n\n<p class=\"wp-block-paragraph\">La emergencia puso a prueba la capacidad de respuesta del pa\u00eds y golpe\u00f3 especialmente a comunidades de Choc\u00f3, Valle del Cauca, Cauca, Nari\u00f1o y otros territorios del centro y suroeste, donde miles de familias contin\u00faan a la espera de asistencia y de la reconstrucci\u00f3n de sus hogares.<\/p>\n\n\n\n<p class=\"wp-block-paragraph\">Fuente: <a href=\"https:\/\/efe.com\/mundo\/2026-08-29\/colombia-homenaje-victimas-mortales-terremoto\/\">EFE<\/a><\/p>\n","protected":false},"excerpt":{"rendered":"<p>Con velas, oraciones y c\u00e1nticos cristianos, cientos de colombianos rindieron homenaje este viernes a las 331 personas que murieron el pasado 10 de agosto en el terremoto de magnitud 7,4 que sacudi\u00f3 el centro y suroeste del pa\u00eds, que tambi\u00e9n deja 4.449 heridos y al menos 406.963 damnificados. El acto denominado \u2018Oraci\u00f3n por Colombia y [&hellip;]<\/p>\n","protected":false},"author":6,"featured_media":97346,"comment_status":"open","ping_status":"open","sticky":false,"template":"","format":"standard","meta":{"footnotes":""},"categories":[78,80],"tags":[158,165],"class_list":["post-97345","post","type-post","status-publish","format-standard","has-post-thumbnail","hentry","category-destacados","category-internacional","tag-colombia","tag-interreligioso"],"_links":{"self":[{"href":"https:\/\/observatoriolibertadreligiosa.org\/index.php?rest_route=\/wp\/v2\/posts\/97345","targetHints":{"allow":["GET"]}}],"collection":[{"href":"https:\/\/observatoriolibertadreligiosa.org\/index.php?rest_route=\/wp\/v2\/posts"}],"about":[{"href":"https:\/\/observatoriolibertadreligiosa.org\/index.php?rest_route=\/wp\/v2\/types\/post"}],"author":[{"embeddable":true,"href":"https:\/\/observatoriolibertadreligiosa.org\/index.php?rest_route=\/wp\/v2\/users\/6"}],"replies":[{"embeddable":true,"href":"https:\/\/observatoriolibertadreligiosa.org\/index.php?rest_route=%2Fwp%2Fv2%2Fcomments&post=97345"}],"version-history":[{"count":1,"href":"https:\/\/observatoriolibertadreligiosa.org\/index.php?rest_route=\/wp\/v2\/posts\/97345\/revisions"}],"predecessor-version":[{"id":97347,"href":"https:\/\/observatoriolibertadreligiosa.org\/index.php?rest_route=\/wp\/v2\/posts\/97345\/revisions\/97347"}],"wp:featuredmedia":[{"embeddable":true,"href":"https:\/\/observatoriolibertadreligiosa.org\/index.php?rest_route=\/wp\/v2\/media\/97346"}],"wp:attachment":[{"href":"https:\/\/observatoriolibertadreligiosa.org\/index.php?rest_route=%2Fwp%2Fv2%2Fmedia&parent=97345"}],"wp:term":[{"taxonomy":"category","embeddable":true,"href":"https:\/\/observatoriolibertadreligiosa.org\/index.php?rest_route=%2Fwp%2Fv2%2Fcategories&post=97345"},{"taxonomy":"post_tag","embeddable":true,"href":"https:\/\/observatoriolibertadreligiosa.org\/index.php?rest_route=%2Fwp%2Fv2%2Ftags&post=97345"}],"curies":[{"name":"wp","href":"https:\/\/api.w.org\/{rel}","templated":true}]}}