{"id":97340,"date":"2026-09-04T12:23:39","date_gmt":"2026-09-04T18:23:39","guid":{"rendered":"https:\/\/observatoriolibertadreligiosa.org\/?p=97340"},"modified":"2026-09-04T12:23:39","modified_gmt":"2026-09-04T18:23:39","slug":"mexico-lideres-religiosos-abren-dialogo-sobre-el-cuidado-del-agua","status":"publish","type":"post","link":"https:\/\/observatoriolibertadreligiosa.org\/?p=97340","title":{"rendered":"(M\u00e9xico) L\u00edderes religiosos abren di\u00e1logo sobre el cuidado del agua"},"content":{"rendered":"\n<p class=\"wp-block-paragraph\">En el marco de la Jornada Mundial de Oraci\u00f3n por el Cuidado de la Creaci\u00f3n, el 1 de septiembre se realiz\u00f3 el Encuentro Interreligioso por la Creaci\u00f3n \u201cAgua Viva: Inmersi\u00f3n en la Esperanza\u201d, con representantes de las iglesias cat\u00f3lica, ortodoxa, budista, copta, metodista, isl\u00e1mica, anglicana, bant\u00fa y luterana.<\/p>\n\n\n\n<p class=\"wp-block-paragraph\">El evento, celebrado en la Catedral Ortodoxa de la Ascensi\u00f3n del Se\u00f1or, inaugur\u00f3 el \u201cTiempo de la Creaci\u00f3n\u201d, dedicado al intercambio de pr\u00e1cticas para el cuidado de la Casa Com\u00fan, con \u00e9nfasis en el agua, y que se prolongar\u00e1 hasta el 4 de octubre, festividad de San Francisco de As\u00eds.<\/p>\n\n\n\n<p class=\"wp-block-paragraph\">Una ponencia y un panel permitieron a los l\u00edderes religiosos dialogar sobre el Cuidado Integral de la Creaci\u00f3n. El evento fue organizado por la Comisi\u00f3n Episcopal para el Di\u00e1logo Interreligioso y Comuni\u00f3n, la Dimensi\u00f3n Episcopal del Cuidado Integral de la Creaci\u00f3n, la Di\u00f3cesis de M\u00e9xico de la Iglesia Ortodoxa en Am\u00e9rica AR y la Arquidi\u00f3cesis Primada de M\u00e9xico.<\/p>\n\n\n\n<p class=\"wp-block-paragraph\"><strong>Tiempo de la Creaci\u00f3n<\/strong><\/p>\n\n\n\n<p class=\"wp-block-paragraph\">El encuentro orante y de di\u00e1logo interreligioso tuvo como objetivo renovar el intercambio de buenas pr\u00e1cticas sobre el cuidado de la Casa Com\u00fan, con enfoque en el agua. Incluy\u00f3 un servicio de oraci\u00f3n, la siembra de un \u00e1rbol, una ponencia sobre la situaci\u00f3n del agua en M\u00e9xico y un panel de buenas pr\u00e1cticas con representantes de al menos nueve tradiciones.<\/p>\n\n\n\n<p class=\"wp-block-paragraph\">Las pautas de di\u00e1logo se plantearon desde la perspectiva fe-ecolog\u00eda. Se reflexion\u00f3 sobre la preservaci\u00f3n del agua y la crisis clim\u00e1tica desde los textos y tradiciones de cada comunidad. Algunas representaciones expusieron buenas pr\u00e1cticas sobre gesti\u00f3n comunitaria del agua, reforestaci\u00f3n, educaci\u00f3n ambiental, ecotecnias y resultados medibles.<\/p>\n\n\n\n<p class=\"wp-block-paragraph\"><strong>Reflexionar sobre el cuidado del agua<\/strong><\/p>\n\n\n\n<p class=\"wp-block-paragraph\">Mons. Juan Manuel Gonz\u00e1lez Sandoval llam\u00f3 a reflexionar sobre el cuidado del agua y exhort\u00f3 a cada persona y comunidad a emprender peque\u00f1as acciones para administrar responsablemente este recurso vital. Explic\u00f3 que este a\u00f1o la iniciativa se concentra en el agua, que para los cristianos tiene un significado especial desde el Bautismo.<\/p>\n\n\n\n<p class=\"wp-block-paragraph\">\u201cEn M\u00e9xico conocemos el dolor que provoca la escasez de agua, su contaminaci\u00f3n, la sobreexplotaci\u00f3n de nuestros r\u00edos y acu\u00edferos y la desigualdad en su acceso. Por eso hay que recordar que no existen solamente problemas ambientales, sino que detr\u00e1s de estos problemas hay familias, personas, comunidades y pueblos enteros que sufren. Cuidar el agua es cuidar la vida y cuidar la vida es cuidar a nuestros hermanos\u201d, dijo a Red Cat\u00f3lica.<\/p>\n\n\n\n<p class=\"wp-block-paragraph\"><strong>Una incidencia comunitaria<\/strong><\/p>\n\n\n\n<p class=\"wp-block-paragraph\">Para el Pbro. Jonathan Arias Quiroz, secretario ejecutivo de la Dimensi\u00f3n Episcopal del Cuidado Integral de la Creaci\u00f3n, la presencia de nueve representaciones religiosas signific\u00f3 una incidencia comunitaria en el cuidado de la Casa Com\u00fan. Invit\u00f3 a llevar un estilo de vida m\u00e1s sobrio, responsable y respetuoso con la creaci\u00f3n.<\/p>\n\n\n\n<p class=\"wp-block-paragraph\">\u201cNecesitamos ser m\u00e1s agradecidos, dimensionar todo lo que hacemos; no venimos de la nada, venimos de un creador, de un proyecto de generosidad del amor de Dios\u201d, dijo.<\/p>\n\n\n\n<p class=\"wp-block-paragraph\"><strong>La dignidad de la vida<\/strong><\/p>\n\n\n\n<p class=\"wp-block-paragraph\">Nereo Ordaz se\u00f1al\u00f3 que estos encuentros son fundamentales porque, sin importar las creencias o principios filos\u00f3ficos, todos hablan el lenguaje de la vida y del respeto a su dignidad. El director general de Soka Gakkai, que practica el budismo en M\u00e9xico, explic\u00f3 que la filosof\u00eda budista ense\u00f1a que, si cambia el coraz\u00f3n, cambia el ambiente.<\/p>\n\n\n\n<p class=\"wp-block-paragraph\">\u201cEst\u00e1 en nosotros hacer una profunda introspecci\u00f3n, revisar qu\u00e9 es lo que hay para poder comportarnos como verdaderos seres humanos, y que esa reflexi\u00f3n nos lleve al respeto de la dignidad de la vida, es decir, respetar todas las formas de vida\u201d, afirm\u00f3.<\/p>\n\n\n\n<p class=\"wp-block-paragraph\"><strong>Todos somos creaci\u00f3n de Dios<\/strong><\/p>\n\n\n\n<p class=\"wp-block-paragraph\">El obispo Edgar Guti\u00e9rrez, representante de la Iglesia Metodista en M\u00e9xico, dijo que estos encuentros deben fortalecer a los l\u00edderes como mayordomos de la creaci\u00f3n y llam\u00f3 a la unidad de las tradiciones para cuidar el medioambiente.<\/p>\n\n\n\n<p class=\"wp-block-paragraph\">\u201cDebemos seguir fortaleciendo nuestras identidades, pero tambi\u00e9n nuestra colaboraci\u00f3n juntos como creaci\u00f3n de Dios, como hermanos, como hijos de Dios, para construir esos cielos nuevos y esa tierra nueva para bien de todos\u201d, afirm\u00f3.<\/p>\n\n\n\n<p class=\"wp-block-paragraph\"><strong>La conciencia sobre el uso del agua<\/strong><\/p>\n\n\n\n<p class=\"wp-block-paragraph\">El representante de la Iglesia Ortodoxa de Constantinopla, el single Inocencio, consider\u00f3 fundamental el di\u00e1logo para tomar conciencia sobre el uso del agua y el medioambiente. Invit\u00f3 a conservar las fuentes h\u00eddricas y a tener una conciencia m\u00e1s participativa y activa sobre la conservaci\u00f3n ambiental.<\/p>\n\n\n\n<p class=\"wp-block-paragraph\"><strong>El agua como fuente de vida<\/strong><\/p>\n\n\n\n<p class=\"wp-block-paragraph\">El padre Zacar\u00edas explic\u00f3 que, desde su tradici\u00f3n egipcia, Dios cre\u00f3 al g\u00e9nero humano en el agua. Su congregaci\u00f3n de monjes almacena agua de lluvia para el uso cotidiano como pr\u00e1ctica contra el desperdicio. La Iglesia Copta-Ortodoxa cuenta adem\u00e1s con una liturgia para bendecir el agua tres veces al a\u00f1o.<\/p>\n\n\n\n<p class=\"wp-block-paragraph\">\u201cCreemos que Dios cre\u00f3 el mundo en el agua. El agua es la vida. Sin agua no hay vida, no hay \u00e1rboles, no hay agua para vivir ni para los animales. El agua para nosotros es un regalo de Dios\u201d, dijo.<\/p>\n\n\n\n<p class=\"wp-block-paragraph\">Fuente:<strong> <\/strong><a href=\"https:\/\/www.redcatolica.mx\/lideres-religiosos-abren-dialogo-sobre-el-cuidado-del-agua\/\">Red Cat\u00f3lica<\/a><\/p>\n\n\n\n<p class=\"wp-block-paragraph\"><\/p>\n","protected":false},"excerpt":{"rendered":"<p>En el marco de la Jornada Mundial de Oraci\u00f3n por el Cuidado de la Creaci\u00f3n, el 1 de septiembre se realiz\u00f3 el Encuentro Interreligioso por la Creaci\u00f3n \u201cAgua Viva: Inmersi\u00f3n en la Esperanza\u201d, con representantes de las iglesias cat\u00f3lica, ortodoxa, budista, copta, metodista, isl\u00e1mica, anglicana, bant\u00fa y luterana. El evento, celebrado en la Catedral Ortodoxa [&hellip;]<\/p>\n","protected":false},"author":6,"featured_media":97341,"comment_status":"open","ping_status":"open","sticky":false,"template":"","format":"standard","meta":{"footnotes":""},"categories":[82],"tags":[551,845,90],"class_list":["post-97340","post","type-post","status-publish","format-standard","has-post-thumbnail","hentry","category-nacional","tag-colaboracion-interreligiosa","tag-lideres-religiosos","tag-mexico"],"_links":{"self":[{"href":"https:\/\/observatoriolibertadreligiosa.org\/index.php?rest_route=\/wp\/v2\/posts\/97340","targetHints":{"allow":["GET"]}}],"collection":[{"href":"https:\/\/observatoriolibertadreligiosa.org\/index.php?rest_route=\/wp\/v2\/posts"}],"about":[{"href":"https:\/\/observatoriolibertadreligiosa.org\/index.php?rest_route=\/wp\/v2\/types\/post"}],"author":[{"embeddable":true,"href":"https:\/\/observatoriolibertadreligiosa.org\/index.php?rest_route=\/wp\/v2\/users\/6"}],"replies":[{"embeddable":true,"href":"https:\/\/observatoriolibertadreligiosa.org\/index.php?rest_route=%2Fwp%2Fv2%2Fcomments&post=97340"}],"version-history":[{"count":1,"href":"https:\/\/observatoriolibertadreligiosa.org\/index.php?rest_route=\/wp\/v2\/posts\/97340\/revisions"}],"predecessor-version":[{"id":97342,"href":"https:\/\/observatoriolibertadreligiosa.org\/index.php?rest_route=\/wp\/v2\/posts\/97340\/revisions\/97342"}],"wp:featuredmedia":[{"embeddable":true,"href":"https:\/\/observatoriolibertadreligiosa.org\/index.php?rest_route=\/wp\/v2\/media\/97341"}],"wp:attachment":[{"href":"https:\/\/observatoriolibertadreligiosa.org\/index.php?rest_route=%2Fwp%2Fv2%2Fmedia&parent=97340"}],"wp:term":[{"taxonomy":"category","embeddable":true,"href":"https:\/\/observatoriolibertadreligiosa.org\/index.php?rest_route=%2Fwp%2Fv2%2Fcategories&post=97340"},{"taxonomy":"post_tag","embeddable":true,"href":"https:\/\/observatoriolibertadreligiosa.org\/index.php?rest_route=%2Fwp%2Fv2%2Ftags&post=97340"}],"curies":[{"name":"wp","href":"https:\/\/api.w.org\/{rel}","templated":true}]}}