{"id":97337,"date":"2026-09-04T12:21:38","date_gmt":"2026-09-04T18:21:38","guid":{"rendered":"https:\/\/observatoriolibertadreligiosa.org\/?p=97337"},"modified":"2026-09-04T12:21:38","modified_gmt":"2026-09-04T18:21:38","slug":"kirguistan-se-avecinan-juicios-para-adventistas-reformistas-detenidos","status":"publish","type":"post","link":"https:\/\/observatoriolibertadreligiosa.org\/?p=97337","title":{"rendered":"(Kirguist\u00e1n) \u00bfSe avecinan juicios para adventistas reformistas detenidos?"},"content":{"rendered":"\n<p class=\"wp-block-paragraph\">La fiscal\u00eda ha remitido los casos penales contra cinco miembros de la ahora prohibida Iglesia Adventista del S\u00e9ptimo D\u00eda de la Verdadera y Libre Reforma al Tribunal de Distrito de Birinchi May (Pervomaisky) de Bishkek para su enjuiciamiento. Cuatro de los cinco se enfrentan a juicios separados por cargos de producci\u00f3n o distribuci\u00f3n de literatura \u201cextremista\u201d. El quinto se enfrenta a un juicio por participar en una organizaci\u00f3n \u201cextremista\u201d prohibida por el tribunal. Es probable que las fechas de los juicios se fijen a principios de septiembre. Todos se enfrentan a posibles penas de prisi\u00f3n en caso de ser declarados culpables.<\/p>\n\n\n\n<p class=\"wp-block-paragraph\">El Tribunal de Distrito de Birinchi May orden\u00f3 la prisi\u00f3n preventiva de dos meses para Yevgeny Zhuravsky, Igor Kozlov, Sergey Kozlov, Olga Selova y Valeriya Yantsen en una audiencia nocturna celebrada el 17 de junio. Cuatro permanecen detenidos a la espera de juicio. Selova fue puesta en libertad por orden judicial el 18 de agosto y tuvo que firmar un compromiso de no abandonar el pa\u00eds.<\/p>\n\n\n\n<p class=\"wp-block-paragraph\">El investigador Adilet Asanbayev defendi\u00f3 con vehemencia la investigaci\u00f3n y el procesamiento. \u201cDescubrimos que estaban involucrados en actividades extremistas\u201d, declar\u00f3 a Forum 18. Al pregunt\u00e1rsele qu\u00e9 constitu\u00eda exactamente \u201cextremismo\u201d, respondi\u00f3: \u201cTen\u00edan libros adventistas en sus casas, lo cual est\u00e1 prohibido en Kirguist\u00e1n\u201d. A\u00f1adi\u00f3 que la Iglesia hab\u00eda sido prohibida por un tribunal.<\/p>\n\n\n\n<p class=\"wp-block-paragraph\">Ni el investigador ni el Tribunal respondieron por qu\u00e9 los adventistas son juzgados individualmente bajo los mismos cargos. Dos adventistas dijeron por separado que el investigador intent\u00f3 encontrar pruebas para juzgarlos como grupo, lo que implicar\u00eda penas m\u00e1s severas, pero no lo logr\u00f3. \u201cAl parecer, el investigador no pudo fabricar el caso como una violaci\u00f3n organizada\u201d, se\u00f1al\u00f3 uno.<\/p>\n\n\n\n<p class=\"wp-block-paragraph\">El juez Tilek Turdukulov, encargado de los casos de Igor Kozlov y Zhuravsky, se neg\u00f3 a explicar qu\u00e9 constitu\u00eda \u201cextremismo\u201d. A trav\u00e9s de su asistente indic\u00f3 que no pod\u00eda comunicarse con Forum 18 antes de que terminara el juicio.<\/p>\n\n\n\n<p class=\"wp-block-paragraph\">Los juicios ocurren casi dos a\u00f1os despu\u00e9s de que el r\u00e9gimen iniciara una represi\u00f3n contra los Adventistas de la Verdadera y Libre Reforma. La polic\u00eda secreta del Comit\u00e9 de Seguridad Nacional arrest\u00f3 al l\u00edder Pavel Shreider en noviembre de 2024. Un tribunal de Bishkek lo conden\u00f3 a tres a\u00f1os de prisi\u00f3n. Fue liberado en marzo de 2026, cuando el Tribunal Supremo conmut\u00f3 su pena por una multa, y deportado el 9 de abril.<\/p>\n\n\n\n<p class=\"wp-block-paragraph\">En marzo de 2025, el Tribunal de Distrito de Alamudin prohibi\u00f3 la Iglesia por considerarla una organizaci\u00f3n religiosa \u201cextremista\u201d. En 2025, las autoridades la a\u00f1adieron a la lista oficial de organizaciones consideradas terroristas y extremistas. La Fiscal\u00eda General incluy\u00f3 adem\u00e1s materiales impresos y electr\u00f3nicos no especificados producidos por la Iglesia en su lista de materiales considerados extremistas.<\/p>\n\n\n\n<p class=\"wp-block-paragraph\">Los adventistas dijeron que, despu\u00e9s del arresto, interrogatorio y tortura inicial del pastor Shreider y otras personas en noviembre de 2024, y de una campa\u00f1a masiva de redadas, \u201ccasi la mitad de la comunidad huy\u00f3 de Kirguist\u00e1n por temor a sus vidas\u201d.<\/p>\n\n\n\n<p class=\"wp-block-paragraph\">Adem\u00e1s, el pastor Dmitry Golovin, dirigente de una congregaci\u00f3n bautista de Bishkek, apel\u00f3 una multa impuesta por celebrar una reuni\u00f3n religiosa no registrada. La pr\u00f3xima audiencia est\u00e1 prevista para el 7 de septiembre. Tras una redada, funcionarios le advirtieron que podr\u00edan abrir una causa penal si continuaban celebrando reuniones no registradas.<\/p>\n\n\n\n<p class=\"wp-block-paragraph\"><strong>Otros fueron encarcelados por ejercer su libertad de religi\u00f3n o de creencias<\/strong><\/p>\n\n\n\n<p class=\"wp-block-paragraph\">El preso de conciencia musulm\u00e1n Asadullo Madraimov fue arrestado en octubre de 2023 y encarcelado durante tres a\u00f1os en febrero de 2024 por criticar a las autoridades tras el cierre de la mezquita Al-Sarakhsi. Fue liberado el 25 de marzo de 2026. Diez d\u00edas despu\u00e9s dijo a su abogado que su salud se hab\u00eda deteriorado y que en el pa\u00eds se hab\u00edan cerrado proyectos de rehabilitaci\u00f3n m\u00e9dica.<\/p>\n\n\n\n<p class=\"wp-block-paragraph\">Otro miembro de esa comunidad, Mamirzhan Tashmatov, fue liberado en mayo de 2024. En julio de 2023, un tribunal encarcel\u00f3 durante seis meses al protestante Aytbek Tynaliyev por supuestamente \u201cincitar a la enemistad religiosa\u201d mediante publicaciones en redes sociales sobre su fe.<\/p>\n\n\n\n<p class=\"wp-block-paragraph\">En diciembre de 2019, la polic\u00eda secreta abri\u00f3 un caso penal contra miembros no especificados del centro nacional de los Testigos de Jehov\u00e1 en Bishkek por presunta incitaci\u00f3n a la enemistad. Forum 18 pregunt\u00f3 en marzo y mayo de 2026 si el caso contin\u00faa y por qu\u00e9 no se ha informado a los Testigos locales, pero no recibi\u00f3 respuesta al cierre del 28 de agosto.<\/p>\n\n\n\n<p class=\"wp-block-paragraph\">La Iglesia Adventista del S\u00e9ptimo D\u00eda Verdadera y Libre Reforma se encuentra entre las comunidades prohibidas<\/p>\n\n\n\n<p class=\"wp-block-paragraph\">La Iglesia forma parte de un movimiento reformista surgido durante el per\u00edodo sovi\u00e9tico y es independiente de la Iglesia Adventista del S\u00e9ptimo D\u00eda con sede en Estados Unidos. Uno de sus l\u00edderes, el preso de conciencia Vladimir Shelkov, muri\u00f3 en un campo de trabajo sovi\u00e9tico en 1980. La Iglesia, dirigida por el pastor Pavel Shreider, opt\u00f3 por no solicitar el registro estatal. Ejercer la libertad religiosa sin registro es ilegal y punible.<\/p>\n\n\n\n<p class=\"wp-block-paragraph\">La polic\u00eda secreta arrest\u00f3 a Shreider en noviembre de 2024, registr\u00f3 su casa y las de otros diez miembros, confisc\u00f3 miles de libros \u2014incluidas Biblias\u2014, dinero y tel\u00e9fonos, y tortur\u00f3 a Shreider y a otro detenido.<\/p>\n\n\n\n<p class=\"wp-block-paragraph\">En julio de 2025, el Tribunal de Distrito de Birinchi May lo declar\u00f3 culpable de \u201cincitaci\u00f3n al odio racial, \u00e9tnico, nacional, religioso o regional\u201d y lo conden\u00f3 a tres a\u00f1os en un campo de trabajo, adem\u00e1s de ordenar su deportaci\u00f3n a Rusia. En marzo de 2026, el Tribunal Supremo mantuvo la condena y la deportaci\u00f3n, pero sustituy\u00f3 el resto de la pena por una multa de 150.000 soms. Fue liberado ese d\u00eda y deportado el 9 de abril, tras pagar la multa.<\/p>\n\n\n\n<p class=\"wp-block-paragraph\">El 19 de marzo de 2025, el Tribunal de Distrito de Alamudin prohibi\u00f3 la Iglesia como organizaci\u00f3n religiosa \u201cextremista\u201d. La experta independiente Indira Aslanova calific\u00f3 la acusaci\u00f3n de \u201cabsurda\u201d. El 4 de agosto de 2025, el Tribunal Supremo rechaz\u00f3 la apelaci\u00f3n y ratific\u00f3 la prohibici\u00f3n de forma permanente.<\/p>\n\n\n\n<p class=\"wp-block-paragraph\">La Iglesia ya no puede reunirse para el culto. Las autoridades no han confiscado su lugar de reuni\u00f3n en la aldea de Lenin. El r\u00e9gimen ya hab\u00eda prohibido a los musulmanes ahmad\u00edes y cancelado el registro de una asociaci\u00f3n Falun Gong.<\/p>\n\n\n\n<p class=\"wp-block-paragraph\"><strong>Registros, interrogatorios y arrestos<\/strong><\/p>\n\n\n\n<p class=\"wp-block-paragraph\">El 13 de abril, cuatro d\u00edas despu\u00e9s de la deportaci\u00f3n de Shreider, la polic\u00eda abri\u00f3 una investigaci\u00f3n penal contra miembros de la Iglesia. Un agente afirm\u00f3 haber recibido informaci\u00f3n de que un grupo difund\u00eda su \u201cideolog\u00eda extremista\u201d y que sus integrantes segu\u00edan reuni\u00e9ndose en casas los s\u00e1bados.<\/p>\n\n\n\n<p class=\"wp-block-paragraph\">El 6 de junio, la polic\u00eda allan\u00f3 al menos siete viviendas, confisc\u00f3 documentos y tel\u00e9fonos e interrog\u00f3 a varios adventistas. El 12 de junio, un organismo del Ministerio de Justicia concluy\u00f3 su an\u00e1lisis de los libros incautados. Se\u00f1al\u00f3 la objeci\u00f3n al servicio militar y sostuvo que los textos antepon\u00edan las convicciones religiosas al servicio a la patria.<\/p>\n\n\n\n<p class=\"wp-block-paragraph\">El 15 de junio, la polic\u00eda volvi\u00f3 a citar a varios miembros y se concentr\u00f3 en averiguar si pose\u00edan publicaciones consideradas extremistas. Yevgeny Zhuravsky, Igor Kozlov, Sergey Kozlov, Olga Selova y Valeriya Yantsen fueron detenidos durante 48 horas. Los agentes amenazaron con perseguir a quienes hab\u00edan huido al extranjero. Ese d\u00eda se inici\u00f3 formalmente el proceso penal y se realizaron nuevos registros.<\/p>\n\n\n\n<p class=\"wp-block-paragraph\"><strong>Cinco adventistas fueron puestos en prisi\u00f3n preventiva<\/strong><\/p>\n\n\n\n<p class=\"wp-block-paragraph\">El 17 de junio, la jueza Aida Zhogoshtiyeva orden\u00f3 dos meses de prisi\u00f3n preventiva para los cinco, que fueron trasladados a la prisi\u00f3n n\u00famero 21 de Bishkek. Zhuravsky y Selova son kirguises, Yantsen es rusa y los hermanos Igor y Sergey Kozlov son tayikos.<\/p>\n\n\n\n<p class=\"wp-block-paragraph\">Aunque la detenci\u00f3n deb\u00eda terminar el 15 de agosto, no fueron liberados porque los casos se remitieron a juicio. El 18 de agosto, el juez Iskander Sargaldakov reclasific\u00f3 los cargos contra Selova como participaci\u00f3n en una organizaci\u00f3n extremista prohibida, delito castigado con multa o hasta dos a\u00f1os de prisi\u00f3n, y orden\u00f3 su liberaci\u00f3n con el compromiso de no abandonar el pa\u00eds.<\/p>\n\n\n\n<p class=\"wp-block-paragraph\">\u00bfSe avecinan los juicios de los cinco?<\/p>\n\n\n\n<p class=\"wp-block-paragraph\">Cuatro acusados enfrentan procesos por producci\u00f3n, distribuci\u00f3n, transporte, env\u00edo, adquisici\u00f3n o almacenamiento de material extremista. A\u00fan no est\u00e1 claro si ser\u00e1n juzgados bajo la parte 1 o 2 del art\u00edculo 332; la segunda, aplicable a actuaciones en grupo, conlleva penas m\u00e1s severas. Los casos se atender\u00edan despu\u00e9s del 6 de septiembre, una vez concluida la Cumbre de la Organizaci\u00f3n de Cooperaci\u00f3n de Shangh\u00e1i.<\/p>\n\n\n\n<p class=\"wp-block-paragraph\">El juez se niega a explicar qu\u00e9 constituye \u201cextremismo\u201d<\/p>\n\n\n\n<p class=\"wp-block-paragraph\">Forum 18 pregunt\u00f3 qu\u00e9 acciones constitu\u00edan extremismo, si exist\u00edan pruebas de llamados a la violencia o coacci\u00f3n y por qu\u00e9 no se liberaba a los acusados. El juez Turdukulov no respondi\u00f3. Cuatro contin\u00faan en prisi\u00f3n preventiva.<\/p>\n\n\n\n<p class=\"wp-block-paragraph\">\u201cEsto supone una amenaza real para al menos otras 20 personas\u201d<\/p>\n\n\n\n<p class=\"wp-block-paragraph\">El investigador comunic\u00f3 que examinar\u00eda las actividades de otros miembros y los citar\u00eda. Un integrante se\u00f1al\u00f3 que esto supon\u00eda una amenaza real para al menos otras 20 personas. Forum 18 no tuvo conocimiento de nuevos casos.<\/p>\n\n\n\n<p class=\"wp-block-paragraph\"><strong>El investigador solicit\u00f3 que se agravaran los cargos<\/strong><\/p>\n\n\n\n<p class=\"wp-block-paragraph\">El art\u00edculo 332, apartado 1, prev\u00e9 penas de tres a cinco a\u00f1os. Un miembro dijo que no hubo distribuci\u00f3n y que los materiales solo fueron encontrados en tel\u00e9fonos. Fuentes indicaron que el investigador intentaba aplicar el apartado 2, con penas de cinco a siete a\u00f1os para actuaciones en grupo.<\/p>\n\n\n\n<p class=\"wp-block-paragraph\">\u201cAl parecer, el investigador no pudo fabricar el caso como una violaci\u00f3n organizada\u201d<\/p>\n\n\n\n<p class=\"wp-block-paragraph\">Dos adventistas afirmaron que el investigador intent\u00f3 probar una actuaci\u00f3n grupal, pero no pudo. Sostuvieron que la \u00fanica \u201cprueba\u201d eran los libros confiscados en los hogares.<\/p>\n\n\n\n<p class=\"wp-block-paragraph\">\u00bfTener libros adventistas en casa constituye extremismo?<\/p>\n\n\n\n<p class=\"wp-block-paragraph\">Asanbayev afirm\u00f3 que los miembros ten\u00edan libros adventistas en casa y que eso estaba prohibido porque un tribunal hab\u00eda proscrito la Iglesia.<\/p>\n\n\n\n<p class=\"wp-block-paragraph\">\u00bfLa Iglesia Adventista fue prohibida por pedir ofrendas?<\/p>\n\n\n\n<p class=\"wp-block-paragraph\">Al pregunt\u00e1rsele qu\u00e9 constitu\u00eda extremismo, si hubo incitaci\u00f3n a la violencia o coacci\u00f3n, el investigador se\u00f1al\u00f3 que antiguos asistentes se hab\u00edan quejado de que la Iglesia ense\u00f1aba a entregar el 20 por ciento de los ingresos. Cuando Forum 18 observ\u00f3 que muchas comunidades recaudan ofrendas, el investigador dijo que no pod\u00eda explicar el motivo de la prohibici\u00f3n y remiti\u00f3 al Tribunal.<\/p>\n\n\n\n<p class=\"wp-block-paragraph\"><strong>La Agencia Nacional de Asuntos Religiosos culpa al Tribunal<\/strong><\/p>\n\n\n\n<p class=\"wp-block-paragraph\">Funcionarios de la Agencia se negaron a explicar el an\u00e1lisis que catalog\u00f3 a la Iglesia como extremista y atribuyeron la decisi\u00f3n al Tribunal, aunque este se bas\u00f3 en el an\u00e1lisis de la propia Agencia.<\/p>\n\n\n\n<p class=\"wp-block-paragraph\"><strong>Casi la mitad de la comunidad ha huido de Kirguist\u00e1n<\/strong><\/p>\n\n\n\n<p class=\"wp-block-paragraph\">Los miembros reiteraron que, tras el arresto y la tortura inicial de Shreider y otras personas, casi la mitad de su peque\u00f1a comunidad huy\u00f3 del pa\u00eds.<\/p>\n\n\n\n<p class=\"wp-block-paragraph\">\u201cCreemos que las autoridades deber\u00edan encontrar y castigar a los verdaderos extremistas y terroristas\u201d<\/p>\n\n\n\n<p class=\"wp-block-paragraph\">Familiares presentaron quejas ante gobiernos extranjeros y Naciones Unidas. Afirmaron que las autoridades procesan a creyentes pac\u00edficos para justificar la asistencia recibida para combatir el extremismo y el terrorismo, y pidieron que se castigue a los verdaderos responsables.<\/p>\n\n\n\n<p class=\"wp-block-paragraph\"><strong>El Consejo de Iglesias Bautistas advirti\u00f3 sobre un posible caso penal<\/strong><\/p>\n\n\n\n<p class=\"wp-block-paragraph\">El pastor Dmitry Golovin dirige una congregaci\u00f3n que se re\u00fane sin registro estatal. El 19 de abril, funcionarios allanaron nuevamente su culto dominical y le advirtieron sobre una posible causa penal. El 21 de abril le impusieron una multa de 20.000 soms. Apel\u00f3 ante un tribunal de Bishkek; la pr\u00f3xima audiencia est\u00e1 programada para el 7 de septiembre. Golovin dijo que \u00e9l y otro miembro ya hab\u00edan pagado, a rega\u00f1adientes, multas anteriores impuestas tras otra redada.<\/p>\n\n\n\n<p class=\"wp-block-paragraph\"><strong>Fuente: <\/strong><a href=\"https:\/\/forum18.org\/archive.php?article_id=3066\">Forum 18<\/a><\/p>\n","protected":false},"excerpt":{"rendered":"<p>La fiscal\u00eda ha remitido los casos penales contra cinco miembros de la ahora prohibida Iglesia Adventista del S\u00e9ptimo D\u00eda de la Verdadera y Libre Reforma al Tribunal de Distrito de Birinchi May (Pervomaisky) de Bishkek para su enjuiciamiento. Cuatro de los cinco se enfrentan a juicios separados por cargos de producci\u00f3n o distribuci\u00f3n de literatura [&hellip;]<\/p>\n","protected":false},"author":6,"featured_media":97338,"comment_status":"open","ping_status":"open","sticky":false,"template":"","format":"standard","meta":{"footnotes":""},"categories":[78,80],"tags":[1361,1206,663],"class_list":["post-97337","post","type-post","status-publish","format-standard","has-post-thumbnail","hentry","category-destacados","category-internacional","tag-adventistas","tag-kirguistan","tag-persecucion-religiosa"],"_links":{"self":[{"href":"https:\/\/observatoriolibertadreligiosa.org\/index.php?rest_route=\/wp\/v2\/posts\/97337","targetHints":{"allow":["GET"]}}],"collection":[{"href":"https:\/\/observatoriolibertadreligiosa.org\/index.php?rest_route=\/wp\/v2\/posts"}],"about":[{"href":"https:\/\/observatoriolibertadreligiosa.org\/index.php?rest_route=\/wp\/v2\/types\/post"}],"author":[{"embeddable":true,"href":"https:\/\/observatoriolibertadreligiosa.org\/index.php?rest_route=\/wp\/v2\/users\/6"}],"replies":[{"embeddable":true,"href":"https:\/\/observatoriolibertadreligiosa.org\/index.php?rest_route=%2Fwp%2Fv2%2Fcomments&post=97337"}],"version-history":[{"count":1,"href":"https:\/\/observatoriolibertadreligiosa.org\/index.php?rest_route=\/wp\/v2\/posts\/97337\/revisions"}],"predecessor-version":[{"id":97339,"href":"https:\/\/observatoriolibertadreligiosa.org\/index.php?rest_route=\/wp\/v2\/posts\/97337\/revisions\/97339"}],"wp:featuredmedia":[{"embeddable":true,"href":"https:\/\/observatoriolibertadreligiosa.org\/index.php?rest_route=\/wp\/v2\/media\/97338"}],"wp:attachment":[{"href":"https:\/\/observatoriolibertadreligiosa.org\/index.php?rest_route=%2Fwp%2Fv2%2Fmedia&parent=97337"}],"wp:term":[{"taxonomy":"category","embeddable":true,"href":"https:\/\/observatoriolibertadreligiosa.org\/index.php?rest_route=%2Fwp%2Fv2%2Fcategories&post=97337"},{"taxonomy":"post_tag","embeddable":true,"href":"https:\/\/observatoriolibertadreligiosa.org\/index.php?rest_route=%2Fwp%2Fv2%2Ftags&post=97337"}],"curies":[{"name":"wp","href":"https:\/\/api.w.org\/{rel}","templated":true}]}}