{"id":97330,"date":"2026-09-04T10:10:42","date_gmt":"2026-09-04T16:10:42","guid":{"rendered":"https:\/\/observatoriolibertadreligiosa.org\/?p=97330"},"modified":"2026-09-04T10:10:42","modified_gmt":"2026-09-04T16:10:42","slug":"guatemala-celebran-el-simposio-internacional-de-libertad-religiosa","status":"publish","type":"post","link":"https:\/\/observatoriolibertadreligiosa.org\/?p=97330","title":{"rendered":"(Guatemala) Celebran el Simposio Internacional de Libertad Religiosa"},"content":{"rendered":"\n<p class=\"wp-block-paragraph\">El 27 de agosto de 2026 en la Ciudad de Guatemala, Guatemala, La Iglesia de Jesucristo de los Santos de los \u00daltimos D\u00edas particip\u00f3 en el Simposio Internacional de Libertad Religiosa en Guatemala, un encuentro que reuni\u00f3 a distintos l\u00edderes religiosos, acad\u00e9micos, periodistas de Centroam\u00e9rica para dialogar sobre la libertad religiosa como un derecho humano fundamental y su contribuci\u00f3n a la paz, el respeto y la convivencia.<\/p>\n\n\n\n<p class=\"wp-block-paragraph\">La actividad fue organizada por el International Center for Law and Religion Studies (ICLRS) de la J. Reuben Clark Law School de la Brigham Young University (BYU), en coordinaci\u00f3n con la Universidad Regional de Guatemala, el Frente Parlamentario por la Libertad Religiosa, el Foro por la Libertad Religiosa, as\u00ed como el Foro Interreligioso de las Am\u00e9ricas y La Iglesia de Jesucristo de los Santos de los \u00daltimos D\u00edas.<\/p>\n\n\n\n<p class=\"wp-block-paragraph\">El simposio inici\u00f3 con un mensaje de apertura del \u00e9lder Ryan K. Olsen, miembro de la Presidencia del \u00c1rea Centroam\u00e9rica de La Iglesia de Jesucristo de los Santos de los \u00daltimos D\u00edas, quien destac\u00f3 que uno de los principales desaf\u00edos de las sociedades actuales es aprender a convivir, respetarse y trabajar juntos aun cuando existan diferencias de creencias y convicciones. Asimismo, invit\u00f3 a los participantes a construir puentes de entendimiento y colaboraci\u00f3n entre personas, comunidades e instituciones.<\/p>\n\n\n\n<p class=\"wp-block-paragraph\">Por su parte, Gary B. Doxey, director asociado del Centro Internacional de Estudios de Derecho y Religi\u00f3n de la Universidad Brigham Young, se\u00f1al\u00f3 que la libertad religiosa fortalece a las personas, las familias y las sociedades, y resalt\u00f3 la importancia de generar espacios donde representantes de diferentes tradiciones religiosas, gobiernos, academia y sociedad civil puedan conocerse y aprender unos de otros.<\/p>\n\n\n\n<p class=\"wp-block-paragraph\">Durante el simposio se desarrollaron cuatro paneles tem\u00e1ticos enfocados en la libertad religiosa como derecho humano fundamental, el papel de la juventud en la construcci\u00f3n de sociedades m\u00e1s respetuosas, los desaf\u00edos legislativos para la protecci\u00f3n de este derecho y la importancia de fortalecer la cooperaci\u00f3n entre comunidades religiosas.<\/p>\n\n\n\n<p class=\"wp-block-paragraph\">Por su parte, Monse\u00f1or Jos\u00e9 Domingo Ulloa Mendieta, Arzobispo Metropolitano de Panam\u00e1, invit\u00f3 a fortalecer el di\u00e1logo entre las comunidades de fe y record\u00f3 que \u201csomos distintos, pero no distantes\u201d.<\/p>\n\n\n\n<p class=\"wp-block-paragraph\"><strong>Visitas a lugares sagrados de distintas tradiciones religiosas<\/strong><\/p>\n\n\n\n<p class=\"wp-block-paragraph\">Como parte de las actividades del simposio, los invitados internacionales participaron en un recorrido por diversos lugares sagrados y espacios de adoraci\u00f3n representativos de la riqueza religiosa de Guatemala, entre ellos, la Catedral Metropolitana de Guatemala de la Iglesia Cat\u00f3lica, Casa de Dios, Monasterio de la Sant\u00edsima Trinidad, Lavra Mambr\u00e9 y el Templo de Miraflores, Ciudad de Guatemala de La Iglesia de Jesucristo de los Santos de los \u00daltimos D\u00edas, donde pudieron conocer la historia, las creencias y la contribuci\u00f3n de cada comunidad de fe al desarrollo espiritual y social del pa\u00eds.<\/p>\n\n\n\n<p class=\"wp-block-paragraph\">Estas visitas fortalecieron los lazos de amistad y entendimiento entre los participantes, promoviendo un ambiente de respeto mutuo y aprecio por la diversidad religiosa.<\/p>\n\n\n\n<p class=\"wp-block-paragraph\"><strong>Un compromiso compartido con la libertad religiosa<\/strong><\/p>\n\n\n\n<p class=\"wp-block-paragraph\">La actividad concluy\u00f3 con un mensaje del \u00e9lder Patricio M. Giuffra, miembro de la Presidencia del \u00c1rea Centroam\u00e9rica de La Iglesia de Jesucristo de los Santos de los \u00daltimos D\u00edas, quien invit\u00f3 a los asistentes a continuar construyendo puentes de entendimiento y colaboraci\u00f3n, reconociendo que la libertad religiosa beneficia a toda la sociedad y favorece entornos m\u00e1s pac\u00edficos y respetuosos; adem\u00e1s destac\u00f3 que:<\/p>\n\n\n\n<p class=\"wp-block-paragraph\">\u201c\u2026m\u00e1s all\u00e1 de las diferencias, las comunidades religiosas comparten principios y valores que pueden contribuir a la construcci\u00f3n de sociedades m\u00e1s pac\u00edficas y a un mejor futuro para las nuevas generaciones\u201d.<\/p>\n\n\n\n<p class=\"wp-block-paragraph\">El simposio reafirm\u00f3 el valor de la libertad religiosa y de conciencia como pilares fundamentales de una sociedad democr\u00e1tica, as\u00ed como la importancia del di\u00e1logo interreligioso para fomentar el respeto, la cooperaci\u00f3n y la b\u00fasqueda del bien com\u00fan.<\/p>\n\n\n\n<p class=\"wp-block-paragraph\">Fuentes: <a href=\"https:\/\/noticias.laiglesiadejesucristo.org\/articulo\/guatemala-re%C3%BAne-a-l%C3%ADderes-de-opini%C3%B3n-durante-el-simposio-internacional-de-libertad-religiosa\">LA IGLESIA DE JESUCRISTO DE LOS SANTOS DE LOS \u00daLTIMOS D\u00cdAS<\/a><\/p>\n","protected":false},"excerpt":{"rendered":"<p>El 27 de agosto de 2026 en la Ciudad de Guatemala, Guatemala, La Iglesia de Jesucristo de los Santos de los \u00daltimos D\u00edas particip\u00f3 en el Simposio Internacional de Libertad Religiosa en Guatemala, un encuentro que reuni\u00f3 a distintos l\u00edderes religiosos, acad\u00e9micos, periodistas de Centroam\u00e9rica para dialogar sobre la libertad religiosa como un derecho humano [&hellip;]<\/p>\n","protected":false},"author":6,"featured_media":97331,"comment_status":"open","ping_status":"open","sticky":false,"template":"","format":"standard","meta":{"footnotes":""},"categories":[1],"tags":[],"class_list":["post-97330","post","type-post","status-publish","format-standard","has-post-thumbnail","hentry","category-uncategorized"],"_links":{"self":[{"href":"https:\/\/observatoriolibertadreligiosa.org\/index.php?rest_route=\/wp\/v2\/posts\/97330","targetHints":{"allow":["GET"]}}],"collection":[{"href":"https:\/\/observatoriolibertadreligiosa.org\/index.php?rest_route=\/wp\/v2\/posts"}],"about":[{"href":"https:\/\/observatoriolibertadreligiosa.org\/index.php?rest_route=\/wp\/v2\/types\/post"}],"author":[{"embeddable":true,"href":"https:\/\/observatoriolibertadreligiosa.org\/index.php?rest_route=\/wp\/v2\/users\/6"}],"replies":[{"embeddable":true,"href":"https:\/\/observatoriolibertadreligiosa.org\/index.php?rest_route=%2Fwp%2Fv2%2Fcomments&post=97330"}],"version-history":[{"count":1,"href":"https:\/\/observatoriolibertadreligiosa.org\/index.php?rest_route=\/wp\/v2\/posts\/97330\/revisions"}],"predecessor-version":[{"id":97332,"href":"https:\/\/observatoriolibertadreligiosa.org\/index.php?rest_route=\/wp\/v2\/posts\/97330\/revisions\/97332"}],"wp:featuredmedia":[{"embeddable":true,"href":"https:\/\/observatoriolibertadreligiosa.org\/index.php?rest_route=\/wp\/v2\/media\/97331"}],"wp:attachment":[{"href":"https:\/\/observatoriolibertadreligiosa.org\/index.php?rest_route=%2Fwp%2Fv2%2Fmedia&parent=97330"}],"wp:term":[{"taxonomy":"category","embeddable":true,"href":"https:\/\/observatoriolibertadreligiosa.org\/index.php?rest_route=%2Fwp%2Fv2%2Fcategories&post=97330"},{"taxonomy":"post_tag","embeddable":true,"href":"https:\/\/observatoriolibertadreligiosa.org\/index.php?rest_route=%2Fwp%2Fv2%2Ftags&post=97330"}],"curies":[{"name":"wp","href":"https:\/\/api.w.org\/{rel}","templated":true}]}}