{"id":97327,"date":"2026-09-04T09:53:01","date_gmt":"2026-09-04T15:53:01","guid":{"rendered":"https:\/\/observatoriolibertadreligiosa.org\/?p=97327"},"modified":"2026-09-04T09:53:01","modified_gmt":"2026-09-04T15:53:01","slug":"filipinas-primera-caminata-interreligiosa-por-la-creacion-en-filipinas-para-destacar-aguas-vivas","status":"publish","type":"post","link":"https:\/\/observatoriolibertadreligiosa.org\/?p=97327","title":{"rendered":"(Filipinas) Primera caminata interreligiosa por la creaci\u00f3n en Filipinas para destacar \u00abAguas Vivas\u00bb"},"content":{"rendered":"\n<p class=\"wp-block-paragraph\">El Movimiento Laudato Si\u2019 (LSM) de Filipinas organizar\u00e1 una Caminata Interreligiosa por la Creaci\u00f3n el 5 de septiembre, la primera de este tipo en el pa\u00eds.<\/p>\n\n\n\n<p class=\"wp-block-paragraph\">Tras tres a\u00f1os consecutivos de celebrar una Caminata Ecum\u00e9nica por la Creaci\u00f3n desde 2023, la organizaci\u00f3n ha decidido \u201celevar el nivel\u201d del evento para convertirlo en un encuentro interreligioso.<\/p>\n\n\n\n<p class=\"wp-block-paragraph\">Este ser\u00e1 el evento clave de LSM Filipinas para el Tiempo de la Creaci\u00f3n, que se extiende del 1 de septiembre al 4 de octubre.<\/p>\n\n\n\n<p class=\"wp-block-paragraph\">La caminata interreligiosa se centrar\u00e1 en el tema de este a\u00f1o, \u00abAguas Vivas\u00bb, inspirado en Ezequiel 47:9 y 12, que fue elegido por el comit\u00e9 directivo internacional para el Tiempo de la Creaci\u00f3n.<\/p>\n\n\n\n<p class=\"wp-block-paragraph\">La hermana Elizabeth Carranza, coordinadora de LSM Pilipinas, dijo a Radio Veritas Asia que ya se han inscrito en l\u00ednea alrededor de cien personas que pertenecen a la Iglesia Cat\u00f3lica Romana, al islam, al budismo y al hinduismo, as\u00ed como a iglesias miembros del Consejo Nacional de Iglesias de Filipinas.<\/p>\n\n\n\n<p class=\"wp-block-paragraph\">Los participantes se reunir\u00e1n en la ciudad de Pasig, que lleva el nombre del r\u00edo que divide en dos a la ciudad de Manila.<\/p>\n\n\n\n<p class=\"wp-block-paragraph\">Adem\u00e1s, se invita a cada participante a traer una peque\u00f1a botella de vidrio llena de agua de su casa o de una fuente de agua de su zona. Tambi\u00e9n se espera que los l\u00edderes religiosos compartan el significado del agua en sus propias tradiciones religiosas, culturas y arte.<\/p>\n\n\n\n<p class=\"wp-block-paragraph\">El evento concluir\u00e1 con un acto simb\u00f3lico de compromiso por cuidar las aguas vivas de todos los participantes.<\/p>\n\n\n\n<p class=\"wp-block-paragraph\">La hermana Carranza expres\u00f3 su esperanza de que este encuentro interreligioso ayude a resaltar c\u00f3mo cada gota de agua en la tierra est\u00e1 \u00abviva y proviene de lo Divino\u00bb.<\/p>\n\n\n\n<p class=\"wp-block-paragraph\">\u00abQue esta conciencia despierte en cada uno de nosotros un respeto reverencial por cada gota de agua que sale de nuestro grifo y que, a partir de ese respeto, podamos ver cu\u00e1n preciosa es cada gota de agua\u00bb, dijo. \u00abQue nuestra celebraci\u00f3n de este Tiempo de la Creaci\u00f3n profundice nuestra conciencia de que el agua no es solo un recurso f\u00edsico para ser utilizado como nos parezca y, peor a\u00fan, para ser desperdiciado indiscriminadamente\u00bb.<\/p>\n\n\n\n<p class=\"wp-block-paragraph\">Adem\u00e1s, se\u00f1al\u00f3 que el cuerpo humano debe considerarse \u00abagua viva\u00bb y tambi\u00e9n debe ser respetado, ya que est\u00e1 compuesto por alrededor del 75 % de agua.<\/p>\n\n\n\n<p class=\"wp-block-paragraph\">\u00abQue el agua viva que somos se desborde de gracia por el bienestar y la vida de la Tierra y de toda la comunidad terrestre\u00bb, dijo.<\/p>\n\n\n\n<p class=\"wp-block-paragraph\">El Movimiento Laudato Si\u2019 de Filipinas, anteriormente conocido como Movimiento Cat\u00f3lico Global por el Clima de Filipinas, ha estado encabezando una Caminata Anual de la Creaci\u00f3n desde 2015. Este ha sido un evento exclusivamente cat\u00f3lico hasta que se transform\u00f3 en un encuentro ecum\u00e9nico en 2022.<\/p>\n\n\n\n<p class=\"wp-block-paragraph\">Fuente: <a href=\"https:\/\/www.heraldmalaysia.com\/news\/first-interfaith-walk-for-creation-in-philippines-to-highlight-living-waters\/91432\/2\">HERALD Malaysia Online<\/a><\/p>\n","protected":false},"excerpt":{"rendered":"<p>El Movimiento Laudato Si\u2019 (LSM) de Filipinas organizar\u00e1 una Caminata Interreligiosa por la Creaci\u00f3n el 5 de septiembre, la primera de este tipo en el pa\u00eds. Tras tres a\u00f1os consecutivos de celebrar una Caminata Ecum\u00e9nica por la Creaci\u00f3n desde 2023, la organizaci\u00f3n ha decidido \u201celevar el nivel\u201d del evento para convertirlo en un encuentro interreligioso. [&hellip;]<\/p>\n","protected":false},"author":6,"featured_media":97328,"comment_status":"open","ping_status":"open","sticky":false,"template":"","format":"standard","meta":{"footnotes":""},"categories":[80],"tags":[551,401,165],"class_list":["post-97327","post","type-post","status-publish","format-standard","has-post-thumbnail","hentry","category-internacional","tag-colaboracion-interreligiosa","tag-filipinas","tag-interreligioso"],"_links":{"self":[{"href":"https:\/\/observatoriolibertadreligiosa.org\/index.php?rest_route=\/wp\/v2\/posts\/97327","targetHints":{"allow":["GET"]}}],"collection":[{"href":"https:\/\/observatoriolibertadreligiosa.org\/index.php?rest_route=\/wp\/v2\/posts"}],"about":[{"href":"https:\/\/observatoriolibertadreligiosa.org\/index.php?rest_route=\/wp\/v2\/types\/post"}],"author":[{"embeddable":true,"href":"https:\/\/observatoriolibertadreligiosa.org\/index.php?rest_route=\/wp\/v2\/users\/6"}],"replies":[{"embeddable":true,"href":"https:\/\/observatoriolibertadreligiosa.org\/index.php?rest_route=%2Fwp%2Fv2%2Fcomments&post=97327"}],"version-history":[{"count":1,"href":"https:\/\/observatoriolibertadreligiosa.org\/index.php?rest_route=\/wp\/v2\/posts\/97327\/revisions"}],"predecessor-version":[{"id":97329,"href":"https:\/\/observatoriolibertadreligiosa.org\/index.php?rest_route=\/wp\/v2\/posts\/97327\/revisions\/97329"}],"wp:featuredmedia":[{"embeddable":true,"href":"https:\/\/observatoriolibertadreligiosa.org\/index.php?rest_route=\/wp\/v2\/media\/97328"}],"wp:attachment":[{"href":"https:\/\/observatoriolibertadreligiosa.org\/index.php?rest_route=%2Fwp%2Fv2%2Fmedia&parent=97327"}],"wp:term":[{"taxonomy":"category","embeddable":true,"href":"https:\/\/observatoriolibertadreligiosa.org\/index.php?rest_route=%2Fwp%2Fv2%2Fcategories&post=97327"},{"taxonomy":"post_tag","embeddable":true,"href":"https:\/\/observatoriolibertadreligiosa.org\/index.php?rest_route=%2Fwp%2Fv2%2Ftags&post=97327"}],"curies":[{"name":"wp","href":"https:\/\/api.w.org\/{rel}","templated":true}]}}