{"id":85086,"date":"2023-03-28T11:06:04","date_gmt":"2023-03-28T17:06:04","guid":{"rendered":"https:\/\/observatoriolibertadreligiosa.org\/?p=85086"},"modified":"2023-03-28T11:06:06","modified_gmt":"2023-03-28T17:06:06","slug":"kenia-lideres-religiosos-condenan-los-ataques-a-lugares-de-culto","status":"publish","type":"post","link":"https:\/\/observatoriolibertadreligiosa.org\/?p=85086","title":{"rendered":"(Kenia) L\u00edderes religiosos condenan los ataques a lugares de culto"},"content":{"rendered":"\n<p class=\"wp-block-paragraph\">Los l\u00edderes religiosos han deplorado el caos y los ataques contra iglesias y mezquitas que se produjeron el lunes en Nairobi durante las protestas convocadas por la oposici\u00f3n.<\/p>\n\n\n\n<p class=\"wp-block-paragraph\">Los l\u00edderes religiosos han hecho un llamamiento a las dos partes de la divisi\u00f3n pol\u00edtica para que encuentren una soluci\u00f3n amistosa que impida la aparici\u00f3n de la violencia y la anarqu\u00eda en el pa\u00eds.<\/p>\n\n\n\n<p class=\"wp-block-paragraph\">\u00abCondenamos en los t\u00e9rminos m\u00e1s en\u00e9rgicos posibles lo que est\u00e1 ocurriendo porque est\u00e1 culminando en una tendencia muy grave y peligrosa, ya que lo ocurrido en Kibra es una banda organizada desde ambos bandos.<\/p>\n\n\n\n<p class=\"wp-block-paragraph\">Queremos aprovechar esta oportunidad para hablar directamente a los pol\u00edticos de este pa\u00eds, s\u00f3lo tenemos una naci\u00f3n, muchos de nosotros no tenemos a d\u00f3nde huir cuando las cosas degeneran\u00bb, dijo el obispo Tee Nalo en Mombasa.<\/p>\n\n\n\n<p class=\"wp-block-paragraph\">El obispo anim\u00f3 a los pol\u00edticos a encontrar una soluci\u00f3n al actual estancamiento pol\u00edtico del pa\u00eds. Exigimos, como ciudadanos de esta naci\u00f3n, que encuentren una soluci\u00f3n al problema actual, porque la tendencia que est\u00e1 tomando esta contienda pol\u00edtica es peligrosa\u00bb, declar\u00f3 el obispo.<\/p>\n\n\n\n<p class=\"wp-block-paragraph\">Y a\u00f1adi\u00f3: \u00abNos dirigimos hacia una confrontaci\u00f3n religiosa que no podemos permitirnos en este pa\u00eds. Tambi\u00e9n estamos llegando a una confrontaci\u00f3n de clases que no debemos permitir en este pa\u00eds. Estamos llegando a una confrontaci\u00f3n \u00e9tnica que no deber\u00edamos permitir en este pa\u00eds\u00bb.<\/p>\n\n\n\n<p class=\"wp-block-paragraph\">Implor\u00f3 a los l\u00edderes que lideren el frente y aporten una soluci\u00f3n. \u00abNo podemos tener una tribuna de gente diciendo que haremos esto y que no haremos lo otro porque, al fin y al cabo, como l\u00edderes que sois, necesit\u00e1is un pa\u00eds que liderar, no pod\u00e9is liderar \u00e1rboles ni animales, necesit\u00e1is gente que os lidere\u00bb.<\/p>\n\n\n\n<p class=\"wp-block-paragraph\">El vicepresidente de SUPKEM, Sheikh Muhdhar Khitamy, afirm\u00f3 que lo que est\u00e1 atormentando al pa\u00eds es el resultado del \u00abinter\u00e9s ego\u00edsta de los pol\u00edticos\u00bb. Inst\u00f3 a los kenianos a hacer la vista gorda ante las maquinaciones de los pol\u00edticos que pretenden sabotear el pa\u00eds.<\/p>\n\n\n\n<p class=\"wp-block-paragraph\">El jeque Abu Qatada pidi\u00f3 al l\u00edder de la oposici\u00f3n que suspendiera las protestas quincenales, ya que los musulmanes est\u00e1n celebrando el mes sagrado del Ramad\u00e1n.<\/p>\n\n\n\n<p class=\"wp-block-paragraph\">\u00abAyer, la gente se perdi\u00f3 el Taraweeh (oraci\u00f3n de la noche), y otros no rompieron sus ayunos debido al caos en algunas partes de Kibra. Como l\u00edder de la oposici\u00f3n, le pedimos que respete el mes sagrado de Ramad\u00e1n si realmente respeta nuestra religi\u00f3n y a los musulmanes de este pa\u00eds\u00bb, declar\u00f3 el jeque Abu Qatada.<\/p>\n\n\n\n<p class=\"wp-block-paragraph\">Mathias Shipeta Haki, responsable de Respuesta R\u00e1pida en \u00c1frica, abog\u00f3 por la paz y la cohesi\u00f3n entre los kenianos y por el respeto a los lugares de culto.<\/p>\n\n\n\n<p class=\"wp-block-paragraph\">Fuente: <a href=\"https:\/\/www.capitalfm.co.ke\/news\/2023\/03\/religious-leaders-condemn-attacks-on-places-of-worship-demand-solution-to-political-stalemate\/\">CAPITAL NEWS<\/a><\/p>\n","protected":false},"excerpt":{"rendered":"<p>Los l\u00edderes religiosos han deplorado el caos y los ataques contra iglesias y mezquitas que se produjeron el lunes en Nairobi durante las protestas convocadas por la oposici\u00f3n. Los l\u00edderes religiosos han hecho un llamamiento a las dos partes de la divisi\u00f3n pol\u00edtica para que encuentren una soluci\u00f3n amistosa que impida la aparici\u00f3n de la [&hellip;]<\/p>\n","protected":false},"author":6,"featured_media":85087,"comment_status":"open","ping_status":"open","sticky":false,"template":"","format":"standard","meta":{"footnotes":""},"categories":[81,80,83],"tags":[563,845,761,507],"class_list":["post-85086","post","type-post","status-publish","format-standard","has-post-thumbnail","hentry","category-derechos-humanos","category-internacional","category-noticias","tag-kenia","tag-lideres-religiosos","tag-religiones","tag-violencia"],"_links":{"self":[{"href":"https:\/\/observatoriolibertadreligiosa.org\/index.php?rest_route=\/wp\/v2\/posts\/85086","targetHints":{"allow":["GET"]}}],"collection":[{"href":"https:\/\/observatoriolibertadreligiosa.org\/index.php?rest_route=\/wp\/v2\/posts"}],"about":[{"href":"https:\/\/observatoriolibertadreligiosa.org\/index.php?rest_route=\/wp\/v2\/types\/post"}],"author":[{"embeddable":true,"href":"https:\/\/observatoriolibertadreligiosa.org\/index.php?rest_route=\/wp\/v2\/users\/6"}],"replies":[{"embeddable":true,"href":"https:\/\/observatoriolibertadreligiosa.org\/index.php?rest_route=%2Fwp%2Fv2%2Fcomments&post=85086"}],"version-history":[{"count":1,"href":"https:\/\/observatoriolibertadreligiosa.org\/index.php?rest_route=\/wp\/v2\/posts\/85086\/revisions"}],"predecessor-version":[{"id":85088,"href":"https:\/\/observatoriolibertadreligiosa.org\/index.php?rest_route=\/wp\/v2\/posts\/85086\/revisions\/85088"}],"wp:featuredmedia":[{"embeddable":true,"href":"https:\/\/observatoriolibertadreligiosa.org\/index.php?rest_route=\/wp\/v2\/media\/85087"}],"wp:attachment":[{"href":"https:\/\/observatoriolibertadreligiosa.org\/index.php?rest_route=%2Fwp%2Fv2%2Fmedia&parent=85086"}],"wp:term":[{"taxonomy":"category","embeddable":true,"href":"https:\/\/observatoriolibertadreligiosa.org\/index.php?rest_route=%2Fwp%2Fv2%2Fcategories&post=85086"},{"taxonomy":"post_tag","embeddable":true,"href":"https:\/\/observatoriolibertadreligiosa.org\/index.php?rest_route=%2Fwp%2Fv2%2Ftags&post=85086"}],"curies":[{"name":"wp","href":"https:\/\/api.w.org\/{rel}","templated":true}]}}