{"id":84846,"date":"2023-03-15T10:39:13","date_gmt":"2023-03-15T16:39:13","guid":{"rendered":"https:\/\/observatoriolibertadreligiosa.org\/?p=84846"},"modified":"2023-03-15T10:39:15","modified_gmt":"2023-03-15T16:39:15","slug":"argentina-cordoba-sera-sede-de-un-multitudinario-evento-de-los-testigos-de-jehova","status":"publish","type":"post","link":"https:\/\/observatoriolibertadreligiosa.org\/?p=84846","title":{"rendered":"(Argentina) C\u00f3rdoba ser\u00e1 sede de un multitudinario evento de los Testigos de Jehov\u00e1"},"content":{"rendered":"\n<p class=\"wp-block-paragraph\">Los testigos de Jehov\u00e1 volver\u00e1n a realizar a fin de este mes un evento multitudinario en C\u00f3rdoba luego de tres a\u00f1os de restricciones sanitarias por el Covid 19, que impidieron la celebraci\u00f3n presencial en la provincia.<\/p>\n\n\n\n<p class=\"wp-block-paragraph\">El encuentro, de libre acceso y gratuito, se llevar\u00e1 a cabo en el Sal\u00f3n de Convenciones de los Testigos de Jehov\u00e1 (Apamea 786, Jard\u00edn Hip\u00f3dromo) este 25 y 26 de marzo.<\/p>\n\n\n\n<p class=\"wp-block-paragraph\">\u201cEsta organizaci\u00f3n religiosa internacional suspendi\u00f3 sus actividades presenciales en todo el mundo cuando comenz\u00f3 la pandemia. No obstante, las ha ido retomando de forma gradual. En 2023 ser\u00e1 el turno de sus tradicionales convenciones\u201d, explic\u00f3 la entidad.<\/p>\n\n\n\n<p class=\"wp-block-paragraph\">Los Testigos llevan m\u00e1s de 100 a\u00f1os celebrando estos eventos en estadios, auditorios y otros establecimientos de ciudades importantes a trav\u00e9s de todo el mundo.<\/p>\n\n\n\n<p class=\"wp-block-paragraph\"><strong>VENTO EN C\u00d3RDOBA<\/strong><\/p>\n\n\n\n<p class=\"wp-block-paragraph\">En C\u00f3rdoba realizan usualmente sus convenciones en el Sal\u00f3n de Convenciones de los Testigos de Jehov\u00e1. En esta ocasi\u00f3n se espera una concurrencia de 1.500 personas, muchas provenientes de De\u00e1n Funes, Quilino, Jes\u00fas Mar\u00eda, San Jos\u00e9 de la Dormida, Villa del Totoral, Rio Ceballos, Unquillo y Villa Allende.<\/p>\n\n\n\n<p class=\"wp-block-paragraph\"><strong>TEM\u00c1TICA<\/strong><\/p>\n\n\n\n<p class=\"wp-block-paragraph\">El lema de la convenci\u00f3n ser\u00e1 Amigos de la paz. El programa comenzar\u00e1 a las 9.40. Un aspecto destacado del mismo ser\u00e1 el discurso \u201cLos amigos de la paz vencen el mal con el bien\u201d, que se disertar\u00e1 a las 15.10.<\/p>\n\n\n\n<p class=\"wp-block-paragraph\">Alejandro Guerra, portavoz de los testigos de Jehov\u00e1 en la zona, expres\u00f3: \u201cEstamos felices de volver a reunirnos en persona para estas grandes convenciones. Volver a este lugar para encontrarnos con nuestros amigos ser\u00e1 una experiencia que disfrutaremos mucho. Esperamos que muchos vecinos puedan acompa\u00f1arnos\u201d.<\/p>\n\n\n\n<p class=\"wp-block-paragraph\">Fuente: <a href=\"https:\/\/www.lavoz.com.ar\/ciudadanos\/cordoba-sera-sede-de-un-multitudinario-evento-de-los-testigos-de-jehova\/\">La Voz<\/a><\/p>\n","protected":false},"excerpt":{"rendered":"<p>Los testigos de Jehov\u00e1 volver\u00e1n a realizar a fin de este mes un evento multitudinario en C\u00f3rdoba luego de tres a\u00f1os de restricciones sanitarias por el Covid 19, que impidieron la celebraci\u00f3n presencial en la provincia. El encuentro, de libre acceso y gratuito, se llevar\u00e1 a cabo en el Sal\u00f3n de Convenciones de los Testigos [&hellip;]<\/p>\n","protected":false},"author":6,"featured_media":84847,"comment_status":"open","ping_status":"open","sticky":false,"template":"","format":"standard","meta":{"footnotes":""},"categories":[81,80,83],"tags":[87,140,501],"class_list":["post-84846","post","type-post","status-publish","format-standard","has-post-thumbnail","hentry","category-derechos-humanos","category-internacional","category-noticias","tag-argentina","tag-religion","tag-testigos-de-jehova"],"_links":{"self":[{"href":"https:\/\/observatoriolibertadreligiosa.org\/index.php?rest_route=\/wp\/v2\/posts\/84846","targetHints":{"allow":["GET"]}}],"collection":[{"href":"https:\/\/observatoriolibertadreligiosa.org\/index.php?rest_route=\/wp\/v2\/posts"}],"about":[{"href":"https:\/\/observatoriolibertadreligiosa.org\/index.php?rest_route=\/wp\/v2\/types\/post"}],"author":[{"embeddable":true,"href":"https:\/\/observatoriolibertadreligiosa.org\/index.php?rest_route=\/wp\/v2\/users\/6"}],"replies":[{"embeddable":true,"href":"https:\/\/observatoriolibertadreligiosa.org\/index.php?rest_route=%2Fwp%2Fv2%2Fcomments&post=84846"}],"version-history":[{"count":1,"href":"https:\/\/observatoriolibertadreligiosa.org\/index.php?rest_route=\/wp\/v2\/posts\/84846\/revisions"}],"predecessor-version":[{"id":84848,"href":"https:\/\/observatoriolibertadreligiosa.org\/index.php?rest_route=\/wp\/v2\/posts\/84846\/revisions\/84848"}],"wp:featuredmedia":[{"embeddable":true,"href":"https:\/\/observatoriolibertadreligiosa.org\/index.php?rest_route=\/wp\/v2\/media\/84847"}],"wp:attachment":[{"href":"https:\/\/observatoriolibertadreligiosa.org\/index.php?rest_route=%2Fwp%2Fv2%2Fmedia&parent=84846"}],"wp:term":[{"taxonomy":"category","embeddable":true,"href":"https:\/\/observatoriolibertadreligiosa.org\/index.php?rest_route=%2Fwp%2Fv2%2Fcategories&post=84846"},{"taxonomy":"post_tag","embeddable":true,"href":"https:\/\/observatoriolibertadreligiosa.org\/index.php?rest_route=%2Fwp%2Fv2%2Ftags&post=84846"}],"curies":[{"name":"wp","href":"https:\/\/api.w.org\/{rel}","templated":true}]}}