{"id":84839,"date":"2023-03-15T10:05:38","date_gmt":"2023-03-15T16:05:38","guid":{"rendered":"https:\/\/observatoriolibertadreligiosa.org\/?p=84839"},"modified":"2023-03-15T10:05:40","modified_gmt":"2023-03-15T16:05:40","slug":"chile-catolicos-dicen-no-a-la-violencia-ante-nuevo-incendio-de-capilla","status":"publish","type":"post","link":"https:\/\/observatoriolibertadreligiosa.org\/?p=84839","title":{"rendered":"(Chile) Cat\u00f3licos dicen \u201cno a la violencia\u201d ante nuevo incendio de capilla"},"content":{"rendered":"\n<p class=\"wp-block-paragraph\">La comunidad cat\u00f3lica de la Di\u00f3cesis de Temuco (Chile) pronunci\u00f3 un \u201cno a la violencia\u201d tras el incendio que este lunes destruy\u00f3 la capilla Sagrado Coraz\u00f3n de Jes\u00fas, del sector Amaza.<\/p>\n\n\n\n<p class=\"wp-block-paragraph\">En una declaraci\u00f3n p\u00fablica firmada por el Administrador Diocesano, P. Juan Andr\u00e9s Basly Erices, la comunidad expres\u00f3 su dolor por el incendio provocado en la madrugada del 13 de marzo, que destruy\u00f3 la capilla perteneciente a la parroquia San Francisco de As\u00eds, de Selva Oscura.<\/p>\n\n\n\n<p class=\"wp-block-paragraph\">\u201cEn este d\u00eda, en que SS Papa Francisco, cumple diez a\u00f1os de su pontificado, hacemos eco de sus palabras del mensaje que nos entreg\u00f3 en su visita en estas tierras de La Araucan\u00eda, donde manifiesta que \u2018La violencia llama a la violencia, la destrucci\u00f3n aumenta la fractura y separaci\u00f3n. La violencia termina volviendo mentirosa la causa m\u00e1s justa. Por eso decimos \u2018no a la violencia que destruye\u2019\u201d, cita la declaraci\u00f3n.<\/p>\n\n\n\n<p class=\"wp-block-paragraph\">En la misma l\u00ednea, enfatiza \u201cel llamado a la paz y unidad\u201d, reconociendo que la gente y sus comunidades \u201cest\u00e1n sufriendo mucho\u201d, con dolor y angustia ante los \u201cactos de violencia y destructivos\u201d.<\/p>\n\n\n\n<p class=\"wp-block-paragraph\">\u201cCon m\u00e1s fuerza, seguimos orando por nuestra gente, nuestra tierra, nuestra sangre e invocamos a San Jos\u00e9, Patrono de la Di\u00f3cesis, su protecci\u00f3n para todos y que, en estos d\u00edas de Cuaresma, se viva la conversi\u00f3n al bien\u201d, expresa.<\/p>\n\n\n\n<p class=\"wp-block-paragraph\">Este episodio violento se suma a los incendios ocurridos el 20 de febrero y el 4 de marzo, el primero de ellos de dos veh\u00edculos forestales en la localidad de Traigu\u00e9n y el segundo en la capilla de Nuestra Se\u00f1ora de los Rayos, en California, regi\u00f3n de la Araucan\u00eda.<\/p>\n\n\n\n<p class=\"wp-block-paragraph\">En dicha oportunidad, seg\u00fan indic\u00f3 la polic\u00eda, al menos ocho personas participaron en el ataque que dej\u00f3 el templo reducido a cenizas.<\/p>\n\n\n\n<p class=\"wp-block-paragraph\">Los delincuentes rociaron el edificio con un l\u00edquido inflamable, encendieron el fuego y escaparon, seg\u00fan inform\u00f3 Radio Biob\u00edo.<\/p>\n\n\n\n<p class=\"wp-block-paragraph\">Tambi\u00e9n hubo disparos en las inmediaciones del lugar, donde se encontr\u00f3 una pancarta que reivindicaba el hecho vand\u00e1lico, firmada por el grupo \u201cResistencia Mapuche Malleco\u201d.<\/p>\n\n\n\n<p class=\"wp-block-paragraph\">En febrero, la ministra del Interior, Carolina Toh\u00e1, inform\u00f3 que el gobierno del presidente Gabriel Boric presentar\u00e1 recursos legales en contra de la organizaci\u00f3n mapuche.<\/p>\n\n\n\n<p class=\"wp-block-paragraph\">La ministra record\u00f3 que \u201cprender incendios cuando hay condiciones como las actuales es un delito de riesgo que pone en peligro a la poblaci\u00f3n\u201d. Por eso, cuestion\u00f3: \u201cNo s\u00e9 en qu\u00e9 agenda de reivindicaci\u00f3n ind\u00edgena eso puede tener justificaci\u00f3n\u201d.<\/p>\n\n\n\n<p class=\"wp-block-paragraph\">\u201cDesde el momento en que se decide una acci\u00f3n de ese tipo, se est\u00e1 poniendo en riesgo la vida de personas\u201d, agreg\u00f3.<\/p>\n\n\n\n<p class=\"wp-block-paragraph\">Fuente: <a href=\"https:\/\/www.aciprensa.com\/noticias\/catolicos-de-chile-dicen-no-a-la-violencia-ante-nuevo-incendio-de-capilla-64517\">aciprensa<\/a><\/p>\n","protected":false},"excerpt":{"rendered":"<p>La comunidad cat\u00f3lica de la Di\u00f3cesis de Temuco (Chile) pronunci\u00f3 un \u201cno a la violencia\u201d tras el incendio que este lunes destruy\u00f3 la capilla Sagrado Coraz\u00f3n de Jes\u00fas, del sector Amaza. En una declaraci\u00f3n p\u00fablica firmada por el Administrador Diocesano, P. Juan Andr\u00e9s Basly Erices, la comunidad expres\u00f3 su dolor por el incendio provocado en [&hellip;]<\/p>\n","protected":false},"author":6,"featured_media":84840,"comment_status":"open","ping_status":"open","sticky":false,"template":"","format":"standard","meta":{"footnotes":""},"categories":[81,80,83],"tags":[657,161,227,507],"class_list":["post-84839","post","type-post","status-publish","format-standard","has-post-thumbnail","hentry","category-derechos-humanos","category-internacional","category-noticias","tag-catolicos-2","tag-chile","tag-iglesia-catolica","tag-violencia"],"_links":{"self":[{"href":"https:\/\/observatoriolibertadreligiosa.org\/index.php?rest_route=\/wp\/v2\/posts\/84839","targetHints":{"allow":["GET"]}}],"collection":[{"href":"https:\/\/observatoriolibertadreligiosa.org\/index.php?rest_route=\/wp\/v2\/posts"}],"about":[{"href":"https:\/\/observatoriolibertadreligiosa.org\/index.php?rest_route=\/wp\/v2\/types\/post"}],"author":[{"embeddable":true,"href":"https:\/\/observatoriolibertadreligiosa.org\/index.php?rest_route=\/wp\/v2\/users\/6"}],"replies":[{"embeddable":true,"href":"https:\/\/observatoriolibertadreligiosa.org\/index.php?rest_route=%2Fwp%2Fv2%2Fcomments&post=84839"}],"version-history":[{"count":1,"href":"https:\/\/observatoriolibertadreligiosa.org\/index.php?rest_route=\/wp\/v2\/posts\/84839\/revisions"}],"predecessor-version":[{"id":84841,"href":"https:\/\/observatoriolibertadreligiosa.org\/index.php?rest_route=\/wp\/v2\/posts\/84839\/revisions\/84841"}],"wp:featuredmedia":[{"embeddable":true,"href":"https:\/\/observatoriolibertadreligiosa.org\/index.php?rest_route=\/wp\/v2\/media\/84840"}],"wp:attachment":[{"href":"https:\/\/observatoriolibertadreligiosa.org\/index.php?rest_route=%2Fwp%2Fv2%2Fmedia&parent=84839"}],"wp:term":[{"taxonomy":"category","embeddable":true,"href":"https:\/\/observatoriolibertadreligiosa.org\/index.php?rest_route=%2Fwp%2Fv2%2Fcategories&post=84839"},{"taxonomy":"post_tag","embeddable":true,"href":"https:\/\/observatoriolibertadreligiosa.org\/index.php?rest_route=%2Fwp%2Fv2%2Ftags&post=84839"}],"curies":[{"name":"wp","href":"https:\/\/api.w.org\/{rel}","templated":true}]}}