{"id":84032,"date":"2023-01-31T10:48:53","date_gmt":"2023-01-31T16:48:53","guid":{"rendered":"https:\/\/observatoriolibertadreligiosa.org\/?p=84032"},"modified":"2023-01-31T10:48:55","modified_gmt":"2023-01-31T16:48:55","slug":"suiza-preparan-8o-dialogo-interreligioso-anual","status":"publish","type":"post","link":"https:\/\/observatoriolibertadreligiosa.org\/?p=84032","title":{"rendered":"(Suiza) Preparan 8\u00ba Di\u00e1logo Interreligioso Anual"},"content":{"rendered":"\n<p class=\"wp-block-paragraph\">El Di\u00e1logo Interreligioso Anual de Ginebra re\u00fane a un grupo diverso de embajadores y otros representantes de alto nivel de las principales religiones del mundo, as\u00ed como a la comunidad internacional ginebrina en general, para debatir sobre los v\u00ednculos entre fe, pol\u00edtica y sociedad. El Di\u00e1logo se celebra cada a\u00f1o en los locales de la Oficina de las Naciones Unidas en Ginebra (ONUG) durante la Semana Mundial de la Armon\u00eda Interconfesional. Sirve de plataforma no s\u00f3lo para conmemorar la Resoluci\u00f3n 65\/5 de la Asamblea General de las Naciones Unidas, sino como veh\u00edculo para sensibilizar a la opini\u00f3n p\u00fablica, renovar los compromisos de la Resoluci\u00f3n y crear capacidad para poner en pr\u00e1ctica los valores de la Resoluci\u00f3n en todo el mundo.<\/p>\n\n\n\n<p class=\"wp-block-paragraph\">El acto tendr\u00e1 lugar el viernes 10 de febrero de 2023, de 14:30 a 17:00 (hora de Ginebra), en el Palacio de las Naciones, Edificio E, Sala XXII. Los ponentes y los miembros del personal de la ONU participar\u00e1n en persona, y se ofrecer\u00e1 una retransmisi\u00f3n p\u00fablica a trav\u00e9s de Webex. Los asistentes que no pertenezcan al personal de la ONU ver\u00e1n los debates en l\u00ednea (v\u00eda Webex) y tendr\u00e1n la oportunidad de enviar sus preguntas por escrito al final del acto.<\/p>\n\n\n\n<p class=\"wp-block-paragraph\">La sesi\u00f3n de este a\u00f1o consta de dos mesas redondas: Fe, Multilateralismo y Pol\u00edticas P\u00fablicas\u00bb. Cada sesi\u00f3n contar\u00e1 con cinco ponentes, cada uno de los cuales expondr\u00e1 su opini\u00f3n sobre su tema respectivo. A continuaci\u00f3n, cada orador explicar\u00e1 de qu\u00e9 manera su gobierno u organizaci\u00f3n aprovecha las sinergias entre fe y multilateralismo o fe y pol\u00edtica p\u00fablica, dependiendo de su tema respectivo. Rogamos a los oradores que respeten el l\u00edmite de tiempo de diez minutos que se les ha asignado.<\/p>\n\n\n\n<p class=\"wp-block-paragraph\">Fuente: <a href=\"https:\/\/www.miragenews.com\/8th-annual-interfaith-dialogue-938357\/\">THE MIRAGE<\/a><\/p>\n","protected":false},"excerpt":{"rendered":"<p>El Di\u00e1logo Interreligioso Anual de Ginebra re\u00fane a un grupo diverso de embajadores y otros representantes de alto nivel de las principales religiones del mundo, as\u00ed como a la comunidad internacional ginebrina en general, para debatir sobre los v\u00ednculos entre fe, pol\u00edtica y sociedad. El Di\u00e1logo se celebra cada a\u00f1o en los locales de la [&hellip;]<\/p>\n","protected":false},"author":6,"featured_media":84033,"comment_status":"open","ping_status":"open","sticky":false,"template":"","format":"standard","meta":{"footnotes":""},"categories":[81,80,83],"tags":[1207,165,666,375],"class_list":["post-84032","post","type-post","status-publish","format-standard","has-post-thumbnail","hentry","category-derechos-humanos","category-internacional","category-noticias","tag-dialogo-interreligioso-2","tag-interreligioso","tag-semana-mundial-por-la-armonia-interconfesional","tag-suiza"],"_links":{"self":[{"href":"https:\/\/observatoriolibertadreligiosa.org\/index.php?rest_route=\/wp\/v2\/posts\/84032","targetHints":{"allow":["GET"]}}],"collection":[{"href":"https:\/\/observatoriolibertadreligiosa.org\/index.php?rest_route=\/wp\/v2\/posts"}],"about":[{"href":"https:\/\/observatoriolibertadreligiosa.org\/index.php?rest_route=\/wp\/v2\/types\/post"}],"author":[{"embeddable":true,"href":"https:\/\/observatoriolibertadreligiosa.org\/index.php?rest_route=\/wp\/v2\/users\/6"}],"replies":[{"embeddable":true,"href":"https:\/\/observatoriolibertadreligiosa.org\/index.php?rest_route=%2Fwp%2Fv2%2Fcomments&post=84032"}],"version-history":[{"count":1,"href":"https:\/\/observatoriolibertadreligiosa.org\/index.php?rest_route=\/wp\/v2\/posts\/84032\/revisions"}],"predecessor-version":[{"id":84034,"href":"https:\/\/observatoriolibertadreligiosa.org\/index.php?rest_route=\/wp\/v2\/posts\/84032\/revisions\/84034"}],"wp:featuredmedia":[{"embeddable":true,"href":"https:\/\/observatoriolibertadreligiosa.org\/index.php?rest_route=\/wp\/v2\/media\/84033"}],"wp:attachment":[{"href":"https:\/\/observatoriolibertadreligiosa.org\/index.php?rest_route=%2Fwp%2Fv2%2Fmedia&parent=84032"}],"wp:term":[{"taxonomy":"category","embeddable":true,"href":"https:\/\/observatoriolibertadreligiosa.org\/index.php?rest_route=%2Fwp%2Fv2%2Fcategories&post=84032"},{"taxonomy":"post_tag","embeddable":true,"href":"https:\/\/observatoriolibertadreligiosa.org\/index.php?rest_route=%2Fwp%2Fv2%2Ftags&post=84032"}],"curies":[{"name":"wp","href":"https:\/\/api.w.org\/{rel}","templated":true}]}}