{"id":84014,"date":"2023-01-30T12:23:04","date_gmt":"2023-01-30T18:23:04","guid":{"rendered":"https:\/\/observatoriolibertadreligiosa.org\/?p=84014"},"modified":"2023-01-30T12:23:07","modified_gmt":"2023-01-30T18:23:07","slug":"argentina-proyectan-trabajos-articulados-entre-salud-y-la-iglesia-de-jesucristo-de-los-santos-de-los-ultimos-dias","status":"publish","type":"post","link":"https:\/\/observatoriolibertadreligiosa.org\/?p=84014","title":{"rendered":"(Argentina) Proyectan trabajos articulados entre Salud y la Iglesia de Jesucristo de los Santos de los \u00daltimos D\u00edas"},"content":{"rendered":"\n<p class=\"wp-block-paragraph\">El ministro de Salud P\u00fablica, doctor Luis Medina Ruiz, mantuvo hoy una reuni\u00f3n con el segundo consejero de la presidencia de ESTACA Tucum\u00e1n, Gerardo Marranzino, la Directora Multiestaca de Comunicaci\u00f3n, Ruth Pereyra, y misioneros del servicio, para coordinar propuestas para este 2023.<\/p>\n\n\n\n<p class=\"wp-block-paragraph\">Al respecto, Marranzino, manifest\u00f3: \u201cEstamos enfocados en generar proyectos alrededor de la provincia, para poder brindar ayuda y servicio a la comunidad con aquellas cosas que est\u00e9n necesitando. Hablamos de personas en situaciones de vulnerabilidad en cuanto a salud u otras necesidades\u201d.<\/p>\n\n\n\n<p class=\"wp-block-paragraph\">De este modo, sintetiz\u00f3: \u201cLa idea es que podamos en este a\u00f1o generar entre uno a tres proyectos y a trav\u00e9s de los datos que nos brinde el Ministerio de Salud, saber d\u00f3nde enfocarnos, ya sea con equipos, donaciones o mano de obra. Queremos consensuar esto y que sea algo continuo tambi\u00e9n\u201d.<\/p>\n\n\n\n<p class=\"wp-block-paragraph\">Como antesala a esta propuesta, la Iglesia realiz\u00f3 ya obras de servicio como proyecto, usualmente se desarrolla los meses de septiembre.<\/p>\n\n\n\n<p class=\"wp-block-paragraph\">\u201cEl \u00faltimo proyecto que llevamos a cabo fue en El Manantial. Se donaron insumos para centros m\u00e9dicos. Por ejemplo, en la policl\u00ednica El Manantial donamos un ec\u00f3grafo, un desfibrilador, un electrocardi\u00f3grafo y equipamiento para ayudar a los m\u00e9dicos para proveer una mejor asistencia primaria de salud\u201d, explic\u00f3 \u00c9lder Alyn M. MCClure, misionero del Servicio de Bienestar de la Iglesia de Jesucristo de los Santos de los \u00daltimos D\u00edas.<\/p>\n\n\n\n<p class=\"wp-block-paragraph\">Asimismo sostuvo que buscan llevar adelante proyectos en \u00e1reas de salud, promoviendo las recomendaciones hasta el 2030 de la OMS. Hacer hincapi\u00e9 en la asistencia primaria de salud, la detecci\u00f3n precoz de enfermedades transmisibles y no transmisibles.<\/p>\n\n\n\n<p class=\"wp-block-paragraph\">\u201cEs un privilegio para nosotros como Iglesia, poder colaborar con el Ministerio de Salud. Sabemos que trabajando juntos vamos a poder llevar la ayuda a la gente que m\u00e1s necesita\u201d, concluy\u00f3.<\/p>\n\n\n\n<p class=\"wp-block-paragraph\">Por su parte, la subsecretaria de Culto de la Provincia, Roxana D\u00edaz, expres\u00f3: \u00abProyectamos la donaci\u00f3n y entrega de equipos de salud de alta tecnolog\u00eda para mejorar la atenci\u00f3n y el cuidado de la salud de nuestra comunidad. Sabemos del importante rol que cumplen las Comunidades de Fe en nuestra provincia, promoviendo la asistencia, contenci\u00f3n social y espiritual de nuestra comunidad. Desde la Subsecretar\u00eda de Culto trabajamos permanente al lado de cada instituci\u00f3n religiosa para mejorar y fortalecer el v\u00ednculo con el estado y la sociedad en su conjunto\u00bb.<\/p>\n\n\n\n<p class=\"wp-block-paragraph\">Y agreg\u00f3 que parte de la misi\u00f3n de la Subsecretar\u00eda de Culto es generar los canales y mecanismos de entendimiento entre las comunidades de Fe y el Estado: \u00abEn esta ocasi\u00f3n, acompa\u00f1o a las autoridades de la Iglesia de los Santos de los \u00faltimos d\u00edas en este importante ofrecimiento que hacen a la provincia, que sin dudas nos reconforta y entusiasma porque es un ejemplo de lo que se puede hacer cuando se suman esfuerzos con un objetivo com\u00fan, mejorar la vida de los ciudadanos de nuestra provincia\u00bb.<\/p>\n\n\n\n<p class=\"wp-block-paragraph\">Participaron adem\u00e1s del encuentro: el secretario ejecutivo m\u00e9dico del SIPROSA, doctor Miguel Ferre Contreras; la subsecretaria de Salud, doctora Cristina Majul; la directora de Gesti\u00f3n Sanitaria, doctora Alejandra Matiacci; el doctor David Strasorier, miembro del gabinete de Salud; y la Hermana Brenda McClure, misionera del Servicio de Bienestar de la Iglesia de Jesucristo de los Santos de los \u00daltimos D\u00edas.<\/p>\n\n\n\n<p class=\"wp-block-paragraph\">Fuente: <a href=\"https:\/\/msptucuman.gov.ar\/proyectan-trabajos-articulados-entre-salud-y-la-iglesia-de-jesucristo-de-los-santos-de-los-ultimos-dias\/\">Gobierno de Tucum\u00e1n<\/a><\/p>\n","protected":false},"excerpt":{"rendered":"<p>El ministro de Salud P\u00fablica, doctor Luis Medina Ruiz, mantuvo hoy una reuni\u00f3n con el segundo consejero de la presidencia de ESTACA Tucum\u00e1n, Gerardo Marranzino, la Directora Multiestaca de Comunicaci\u00f3n, Ruth Pereyra, y misioneros del servicio, para coordinar propuestas para este 2023. Al respecto, Marranzino, manifest\u00f3: \u201cEstamos enfocados en generar proyectos alrededor de la provincia, [&hellip;]<\/p>\n","protected":false},"author":6,"featured_media":84015,"comment_status":"open","ping_status":"open","sticky":false,"template":"","format":"standard","meta":{"footnotes":""},"categories":[81,80,83],"tags":[87,1010,1095,864,140],"class_list":["post-84014","post","type-post","status-publish","format-standard","has-post-thumbnail","hentry","category-derechos-humanos","category-internacional","category-noticias","tag-argentina","tag-ayuda-humanitaria","tag-ayuda-social","tag-iglesia-de-jesucristo-de-los-santos-de-los-ultimos-dias","tag-religion"],"_links":{"self":[{"href":"https:\/\/observatoriolibertadreligiosa.org\/index.php?rest_route=\/wp\/v2\/posts\/84014","targetHints":{"allow":["GET"]}}],"collection":[{"href":"https:\/\/observatoriolibertadreligiosa.org\/index.php?rest_route=\/wp\/v2\/posts"}],"about":[{"href":"https:\/\/observatoriolibertadreligiosa.org\/index.php?rest_route=\/wp\/v2\/types\/post"}],"author":[{"embeddable":true,"href":"https:\/\/observatoriolibertadreligiosa.org\/index.php?rest_route=\/wp\/v2\/users\/6"}],"replies":[{"embeddable":true,"href":"https:\/\/observatoriolibertadreligiosa.org\/index.php?rest_route=%2Fwp%2Fv2%2Fcomments&post=84014"}],"version-history":[{"count":1,"href":"https:\/\/observatoriolibertadreligiosa.org\/index.php?rest_route=\/wp\/v2\/posts\/84014\/revisions"}],"predecessor-version":[{"id":84016,"href":"https:\/\/observatoriolibertadreligiosa.org\/index.php?rest_route=\/wp\/v2\/posts\/84014\/revisions\/84016"}],"wp:featuredmedia":[{"embeddable":true,"href":"https:\/\/observatoriolibertadreligiosa.org\/index.php?rest_route=\/wp\/v2\/media\/84015"}],"wp:attachment":[{"href":"https:\/\/observatoriolibertadreligiosa.org\/index.php?rest_route=%2Fwp%2Fv2%2Fmedia&parent=84014"}],"wp:term":[{"taxonomy":"category","embeddable":true,"href":"https:\/\/observatoriolibertadreligiosa.org\/index.php?rest_route=%2Fwp%2Fv2%2Fcategories&post=84014"},{"taxonomy":"post_tag","embeddable":true,"href":"https:\/\/observatoriolibertadreligiosa.org\/index.php?rest_route=%2Fwp%2Fv2%2Ftags&post=84014"}],"curies":[{"name":"wp","href":"https:\/\/api.w.org\/{rel}","templated":true}]}}