{"id":84011,"date":"2023-01-30T12:15:24","date_gmt":"2023-01-30T18:15:24","guid":{"rendered":"https:\/\/observatoriolibertadreligiosa.org\/?p=84011"},"modified":"2023-01-30T12:23:32","modified_gmt":"2023-01-30T18:23:32","slug":"canada-celebra-una-ceremonia-para-honrar-a-las-victimas-musulmanas-del-atentado-de-2017","status":"publish","type":"post","link":"https:\/\/observatoriolibertadreligiosa.org\/?p=84011","title":{"rendered":"(Canad\u00e1) Celebra una ceremonia para honrar a las v\u00edctimas musulmanas del atentado de 2017"},"content":{"rendered":"\n<p class=\"wp-block-paragraph\">Seis a\u00f1os despu\u00e9s del mort\u00edfero atentado contra la mezquita de Quebec, se celebr\u00f3 una emotiva ceremonia para conmemorar el aniversario del tiroteo, por primera vez en la misma sala donde murieron muchas de las v\u00edctimas.<\/p>\n\n\n\n<p class=\"wp-block-paragraph\">Mamadou Tanou Barry, Ibrahima Barry, Khaled Belkacemi, Abdelkrim Hassane, Azzeddine Soufiane y Aboubaker Thabti murieron poco despu\u00e9s de la oraci\u00f3n de la tarde, cuando un hombre armado abri\u00f3 fuego poco antes de las 20.00 horas en el Centro Cultural Isl\u00e1mico del barrio de Sainte-Foy.<\/p>\n\n\n\n<p class=\"wp-block-paragraph\">El atentado, que dej\u00f3 a 17 ni\u00f1os hu\u00e9rfanos y a una comunidad marcada para siempre, fue conmemorado mientras los organizadores se\u00f1alaban tambi\u00e9n la importancia de seguir reflexionando sobre la islamofobia, especialmente cuando el odio y el extremismo de extrema derecha contin\u00faan en todo Canad\u00e1.<\/p>\n\n\n\n<p class=\"wp-block-paragraph\">El cofundador de la mezquita, Boufeldja Benabdallah, dijo a los reunidos que las viudas de los seis hombres insist\u00edan en que sus maridos ca\u00eddos nunca deb\u00edan ser olvidados.<\/p>\n\n\n\n<p class=\"wp-block-paragraph\">En una rueda de prensa celebrada el jueves en la mezquita, un portavoz del grupo organizador del acto dijo que ser\u00e1 la primera vez que la comunidad se re\u00fana dentro de la mezquita con motivo del aniversario. Este a\u00f1o cae en domingo, el mismo d\u00eda en que se produjo el atentado hace seis a\u00f1os.<\/p>\n\n\n\n<p class=\"wp-block-paragraph\">\u00abTiene una gran carga emocional\u00bb, declar\u00f3 Maryam Bessiri, portavoz de la Comm\u00e9moration citoyenne de l&#8217;attentat.<\/p>\n\n\n\n<p class=\"wp-block-paragraph\">\u00abEs muy significativo para nosotros. Pedimos a la poblaci\u00f3n y a todos los quebequenses que quieran participar, que acudan al Centro Cultural Isl\u00e1mico el domingo\u2026 [Es] parte de nuestra misi\u00f3n ser abiertos y compartir con la gente\u00bb.<\/p>\n\n\n\n<p class=\"wp-block-paragraph\">Las puertas de la mezquita estuvieron abiertas al p\u00fablico la mayor parte de la semana. Adem\u00e1s de los actos privados celebrados para la comunidad musulmana, el p\u00fablico puede visitar la mezquita entre las 11.00 y las 15.00 horas del domingo, por primera vez desde la finalizaci\u00f3n de las reformas en 2021. Tambi\u00e9n se invit\u00f3 al p\u00fablico a la ceremonia de conmemoraci\u00f3n en persona o en l\u00ednea a las 17.30 horas.<\/p>\n\n\n\n<p class=\"wp-block-paragraph\">En el segundo D\u00eda Nacional del Recuerdo del Ataque a la Mezquita de Quebec y de Acci\u00f3n contra la Islamofobia, miembros de la comunidad y dignatarios se sentaron en el suelo, hombro con hombro, en la sala de oraci\u00f3n donde se produjo el ataque.<\/p>\n\n\n\n<p class=\"wp-block-paragraph\">La \u00ab\u00fanica ocasi\u00f3n\u00bb en que Quebec reflexiona sobre la islamofobia<\/p>\n\n\n\n<p class=\"wp-block-paragraph\">Bessiri se\u00f1ala que los organizadores y voluntarios intentaron utilizar este aniversario como punto de partida: una oportunidad para recordar las vidas perdidas y, al mismo tiempo, mostrar la labor que est\u00e1 realizando la comunidad musulmana para dejar atr\u00e1s el racismo generalizado.<\/p>\n\n\n\n<p class=\"wp-block-paragraph\">\u00abPara nosotros, nos da voz para hablar de islamofobia, racismo y tambi\u00e9n de c\u00f3mo hemos superado los \u00faltimos seis a\u00f1os y dar a los j\u00f3venes la oportunidad de hablar\u2026. Cada a\u00f1o nos hacemos la misma pregunta sobre la pertinencia de organizar una conmemoraci\u00f3n para que podamos ir m\u00e1s all\u00e1 de la tragedia ocurrida\u00bb, dijo Bessiri.<\/p>\n\n\n\n<p class=\"wp-block-paragraph\">Aunque aplaude algunos de los avances de los \u00faltimos seis a\u00f1os, como el hecho de que el gobierno federal declarara el 29 de enero D\u00eda Nacional de Conmemoraci\u00f3n del Ataque a la Mezquita de la Ciudad de Quebec y de Acci\u00f3n contra la Islamofobia, afirma que es necesario hacer m\u00e1s durante todo el a\u00f1o.<\/p>\n\n\n\n<p class=\"wp-block-paragraph\">\u00abMe gustar\u00eda recordar a todo el mundo que la conmemoraci\u00f3n del 29 de enero es la \u00fanica ocasi\u00f3n en la que hablamos de islamofobia en Quebec. No hablamos de ello fuera de esta ocasi\u00f3n, y eso es lamentable\u00bb, dijo Bessiri.<\/p>\n\n\n\n<p class=\"wp-block-paragraph\">Intentar contrarrestar el discurso \u00absiempre presente\u00bb de la extrema derecha<\/p>\n\n\n\n<p class=\"wp-block-paragraph\">En el acto, el Primer Ministro Justin Trudeau dijo a los asistentes que es importante enviar el mensaje de que la violencia y el odio no tienen cabida en este pa\u00eds.<\/p>\n\n\n\n<p class=\"wp-block-paragraph\">Dijo que una forma de rendir homenaje a las seis v\u00edctimas es comprometerse a luchar cada d\u00eda contra el racismo, el odio y la discriminaci\u00f3n.<\/p>\n\n\n\n<p class=\"wp-block-paragraph\">Bessiri se\u00f1al\u00f3 que el a\u00f1o pasado estaban planeando la quinta conmemoraci\u00f3n justo cuando el convoy de camioneros se pon\u00eda en marcha en Ottawa, un acontecimiento marcado por manifestaciones que impulsaron m\u00faltiples opiniones de extrema derecha.<\/p>\n\n\n\n<p class=\"wp-block-paragraph\">\u00abEsto nos demuestra lo r\u00e1pido que puede deteriorarse el progreso y que el discurso de la extrema derecha siempre est\u00e1 presente\u2026.. Por eso, al organizar la conmemoraci\u00f3n cada a\u00f1o, al abrir las puertas, intentamos contrarrestar este discurso\u00bb, dijo Bessiri, a\u00f1adiendo que el atacante se radicaliz\u00f3 a trav\u00e9s del discurso extremista a lo largo del tiempo.<\/p>\n\n\n\n<p class=\"wp-block-paragraph\">Derecho a acudir a un lugar de culto sin miedo<\/p>\n\n\n\n<p class=\"wp-block-paragraph\">Amira Elghawaby, primera y reci\u00e9n nombrada representante de Canad\u00e1 para combatir la islamofobia, afirma que muchas suposiciones sobre las comunidades musulmanas derivan de la cultura pop y de noticias que presentan una \u00abestrecha comprensi\u00f3n de qui\u00e9nes son los musulmanes\u00bb.<\/p>\n\n\n\n<p class=\"wp-block-paragraph\">Trudeau anunci\u00f3 el nombramiento de Elghawaby el jueves. Asesorar\u00e1 al gobierno federal sobre c\u00f3mo combatir mejor la discriminaci\u00f3n contra la comunidad musulmana.<\/p>\n\n\n\n<p class=\"wp-block-paragraph\">\u00abEstoy seguro de que todos estamos de acuerdo en que tenemos derecho a acudir a un lugar de culto sin temor. Todos tenemos derecho a dar un paseo con nuestra familia\u00bb, dijo Elghawaby, refiri\u00e9ndose al atentado de 2021 contra una familia musulmana en London (Ontario), en el que murieron una madre, un padre, una hija y una abuela mientras paseaban por su barrio, atropellados por un cami\u00f3n.<\/p>\n\n\n\n<p class=\"wp-block-paragraph\">Dijo que una de sus principales preocupaciones es que Canad\u00e1 ha tenido un alto n\u00famero de v\u00edctimas mortales motivadas por el odio contra los musulmanes.<\/p>\n\n\n\n<p class=\"wp-block-paragraph\">\u00abPara m\u00ed es chocante porque crec\u00ed aqu\u00ed, crec\u00ed creyendo en la promesa del multiculturalismo\u00bb, dijo Elghawaby.<\/p>\n\n\n\n<p class=\"wp-block-paragraph\">\u00abCreo en esa promesa y voy a hacer todo lo que est\u00e9 en mi mano para cumplir la promesa de un pa\u00eds integrador, diverso y fuerte por ello\u00bb.<\/p>\n\n\n\n<p class=\"wp-block-paragraph\">Nuestro deber es recordar<\/p>\n\n\n\n<p class=\"wp-block-paragraph\">Mohamed Labidi, presidente del centro isl\u00e1mico, afirma que, como parte de la conmemoraci\u00f3n, quieren dar la bienvenida a los no musulmanes a la mezquita.<\/p>\n\n\n\n<p class=\"wp-block-paragraph\">\u00abNos reunimos con nuestros conciudadanos con el prop\u00f3sito de desmitificar la mezquita y darles la oportunidad de hablar con los musulmanes para dar un paso m\u00e1s hacia la convivencia como comunidad\u00bb, explica Labidi.<\/p>\n\n\n\n<p class=\"wp-block-paragraph\">\u00abEl tiempo pasa\u2026. Es nuestro deber recordarlo\u00bb.<\/p>\n\n\n\n<p class=\"wp-block-paragraph\">Aunque la comunidad musulmana siente un deber especial de recordar el atentado y a sus v\u00edctimas, una superviviente afirma que la sociedad quebequesa tambi\u00e9n tiene una responsabilidad.<\/p>\n\n\n\n<p class=\"wp-block-paragraph\">\u00abCuando hablamos de sociedad hablamos del gobierno, de los medios de comunicaci\u00f3n, de nuestros vecinos y compa\u00f1eros de trabajo, hablamos de todos. Esta responsabilidad tiene que ser compartida\u00bb, dijo Ahmed Cheddadi.<\/p>\n\n\n\n<p class=\"wp-block-paragraph\">\u00abEstoy aqu\u00ed porque siento una responsabilidad hacia mis hermanos que cayeron a mi lado uno tras otro\u00bb.<\/p>\n\n\n\n<p class=\"wp-block-paragraph\">Seg\u00fan \u00e9l, antes del atentado los medios de comunicaci\u00f3n participaban a menudo en la creaci\u00f3n de un \u00abclima de islamofobia\u00bb.<\/p>\n\n\n\n<p class=\"wp-block-paragraph\">Los organizadores destacaron c\u00f3mo una reciente ley quebequesa, el proyecto de ley 21 -que proh\u00edbe a los funcionarios p\u00fablicos llevar s\u00edmbolos religiosos como el hiyab- deshace algunos de los avances que la comunidad ha intentado conseguir.<\/p>\n\n\n\n<p class=\"wp-block-paragraph\">Cheddadi dijo que su propia familia est\u00e1 luchando con la ley.<\/p>\n\n\n\n<p class=\"wp-block-paragraph\">\u00abTengo una hija de 15 a\u00f1os y a\u00fan no lleva el hiyab, es normal. Pero lo hemos hablado. Quiere ser profesora, es su sue\u00f1o. Me dijo: &#8216;Pap\u00e1, \u00bfcrees que si llevo el hiyab perder\u00e9 la oportunidad de hacer el trabajo de mis sue\u00f1os?\u00bb, cont\u00f3 Cheddadi mientras se le quebraba la voz.<\/p>\n\n\n\n<p class=\"wp-block-paragraph\">\u00abLe dije &#8216;por desgracia, s\u00ed cari\u00f1o, perder\u00e1s esta oportunidad en Quebec'\u00bb.<\/p>\n\n\n\n<p class=\"wp-block-paragraph\">Se\u00f1al\u00f3 que el \u00fanico consuelo que pod\u00eda ofrecerle era recordarle que pod\u00eda mudarse fuera de la provincia.<\/p>\n\n\n\n<p class=\"wp-block-paragraph\">Boufeldja Benabdallah, cofundadora del Centro Cultural Isl\u00e1mico de Quebec, afirma que este tipo de limitaci\u00f3n de los s\u00edmbolos de la fe va dirigida contra las mujeres y les quita gran parte de su libertad religiosa.<\/p>\n\n\n\n<p class=\"wp-block-paragraph\">\u00abEsa ley est\u00e1 perjudicando a nuestra comunidad\u2026. Y eso repercute negativamente en el esfuerzo que hacemos para convivir como comunidad, dijo Benabdallah.<\/p>\n\n\n\n<p class=\"wp-block-paragraph\">Benabdallah afirma que quiere asegurarse de que el trabajo realizado por su comunidad en los \u00faltimos a\u00f1os no quede anulado por leyes que dividen a la gente. Benabdallah record\u00f3 a los presentes en la rueda de prensa por qu\u00e9 iniciaron la tradici\u00f3n de la conmemoraci\u00f3n.<\/p>\n\n\n\n<p class=\"wp-block-paragraph\">\u00abLas familias nos dijeron en la primera conmemoraci\u00f3n: &#8216;por favor, no podemos olvidar a nuestros maridos que murieron en la mezquita'\u00bb, dijo Benabdallah.<\/p>\n\n\n\n<p class=\"wp-block-paragraph\">\u00abQuiero decir a la familia que estamos con ellos. Es un acto dedicado a todos los que se llevaron\u00bb.<\/p>\n\n\n\n<p class=\"wp-block-paragraph\">Fuente: <a href=\"https:\/\/www.cbc.ca\/news\/canada\/montreal\/6-years-later-public-invited-inside-quebec-city-mosque-for-1st-time-since-2017-attack-1.6729050\">CBC<\/a><\/p>\n","protected":false},"excerpt":{"rendered":"<p>Seis a\u00f1os despu\u00e9s del mort\u00edfero atentado contra la mezquita de Quebec, se celebr\u00f3 una emotiva ceremonia para conmemorar el aniversario del tiroteo, por primera vez en la misma sala donde murieron muchas de las v\u00edctimas. Mamadou Tanou Barry, Ibrahima Barry, Khaled Belkacemi, Abdelkrim Hassane, Azzeddine Soufiane y Aboubaker Thabti murieron poco despu\u00e9s de la oraci\u00f3n [&hellip;]<\/p>\n","protected":false},"author":6,"featured_media":84012,"comment_status":"open","ping_status":"open","sticky":false,"template":"","format":"standard","meta":{"footnotes":""},"categories":[81,78,80,83],"tags":[274,149,922,138],"class_list":["post-84011","post","type-post","status-publish","format-standard","has-post-thumbnail","hentry","category-derechos-humanos","category-destacados","category-internacional","category-noticias","tag-canada","tag-comunidad-musulmana","tag-islamofobia","tag-musulmanes"],"_links":{"self":[{"href":"https:\/\/observatoriolibertadreligiosa.org\/index.php?rest_route=\/wp\/v2\/posts\/84011","targetHints":{"allow":["GET"]}}],"collection":[{"href":"https:\/\/observatoriolibertadreligiosa.org\/index.php?rest_route=\/wp\/v2\/posts"}],"about":[{"href":"https:\/\/observatoriolibertadreligiosa.org\/index.php?rest_route=\/wp\/v2\/types\/post"}],"author":[{"embeddable":true,"href":"https:\/\/observatoriolibertadreligiosa.org\/index.php?rest_route=\/wp\/v2\/users\/6"}],"replies":[{"embeddable":true,"href":"https:\/\/observatoriolibertadreligiosa.org\/index.php?rest_route=%2Fwp%2Fv2%2Fcomments&post=84011"}],"version-history":[{"count":1,"href":"https:\/\/observatoriolibertadreligiosa.org\/index.php?rest_route=\/wp\/v2\/posts\/84011\/revisions"}],"predecessor-version":[{"id":84013,"href":"https:\/\/observatoriolibertadreligiosa.org\/index.php?rest_route=\/wp\/v2\/posts\/84011\/revisions\/84013"}],"wp:featuredmedia":[{"embeddable":true,"href":"https:\/\/observatoriolibertadreligiosa.org\/index.php?rest_route=\/wp\/v2\/media\/84012"}],"wp:attachment":[{"href":"https:\/\/observatoriolibertadreligiosa.org\/index.php?rest_route=%2Fwp%2Fv2%2Fmedia&parent=84011"}],"wp:term":[{"taxonomy":"category","embeddable":true,"href":"https:\/\/observatoriolibertadreligiosa.org\/index.php?rest_route=%2Fwp%2Fv2%2Fcategories&post=84011"},{"taxonomy":"post_tag","embeddable":true,"href":"https:\/\/observatoriolibertadreligiosa.org\/index.php?rest_route=%2Fwp%2Fv2%2Ftags&post=84011"}],"curies":[{"name":"wp","href":"https:\/\/api.w.org\/{rel}","templated":true}]}}