{"id":17195,"date":"2020-08-05T09:32:42","date_gmt":"2020-08-05T15:32:42","guid":{"rendered":"http:\/\/conciencianacional.org\/news\/?p=17195"},"modified":"2020-08-05T09:32:44","modified_gmt":"2020-08-05T15:32:44","slug":"colombia-presidente-de-colombia-cuestiona-que-lo-ataquen-por-expresar-su-devocion-a-la-virgen","status":"publish","type":"post","link":"https:\/\/observatoriolibertadreligiosa.org\/?p=17195","title":{"rendered":"(Colombia) Presidente de Colombia cuestiona que lo ataquen por expresar su devoci\u00f3n a la Virgen"},"content":{"rendered":"\n<p class=\"wp-block-paragraph\">El presidente de Colombia, Iv\u00e1n Duque, cuestion\u00f3 que se le ataque por mencionar sus creencias religiosas, como hizo en Twitter sobre su devoci\u00f3n a la Virgen de Chiquinquir\u00e1, patrona del pa\u00eds, pero luego esas mismas personas no se quejan por los festivos o feriados religiosos.<\/p>\n\n\n\n<p class=\"wp-block-paragraph\">\u201cEn el pa\u00eds a veces veo que hay hipocres\u00edas, porque veo que hay personas que atacan y cuestionan cuando se habla en medio de las creencias religiosas, pero cuando tenemos los festivos o en nombre de los santos, no ponen tutelas para que se quiten ese tipo de celebraciones\u201d, dijo el mandatario en una entrevista con Blu Radio el 3 de agosto.<\/p>\n\n\n\n<p class=\"wp-block-paragraph\">Duque se refiri\u00f3 as\u00ed al fallo de un tribunal en Cali que le orden\u00f3 borrar un tuit del pasado 9 de julio, d\u00eda de la Virgen de Chiquinquir\u00e1, en el que se refiri\u00f3 a esa celebraci\u00f3n. La Casa de Nari\u00f1o inform\u00f3 que avanza el proceso para impugnar la decisi\u00f3n de la corte.<\/p>\n\n\n\n<p class=\"wp-block-paragraph\">El tuit del presidente dec\u00eda lo siguiente: \u201cRespetando las libertades religiosas de nuestro pa\u00eds y en clara expresi\u00f3n de mi fe, hoy celebramos los 101 a\u00f1os del reconocimiento a nuestra Virgen de Chiquinquir\u00e1 como Patrona de Colombia. Todos los d\u00edas en profunda oraci\u00f3n le doy gracias y le pido por nuestro pa\u00eds\u201d.<\/p>\n\n\n\n<p class=\"wp-block-paragraph\">El tribunal de Cali orden\u00f3 la eliminaci\u00f3n del tuit en un lapso de 48 horas, luego de una tutela \u2013 una acci\u00f3n legal que requiere una r\u00e1pida resoluci\u00f3n \u2013 presentada por el abogado V\u00edctor David Aucenon Liberato, quien argument\u00f3 que con su tuit Duque no respet\u00f3 la libertad de cultos y la separaci\u00f3n entre Iglesia y Estado.<\/p>\n\n\n\n<p class=\"wp-block-paragraph\">En la entrevista con Blu Radio, Iv\u00e1n Duque resalt\u00f3 que fue \u201crespetuoso en el pronunciamiento\u201d, por lo que seguir\u00e1 el tr\u00e1mite para revertir la decisi\u00f3n.<\/p>\n\n\n\n<p class=\"wp-block-paragraph\">El editorial del diario El Tiempo del 28 de julio se\u00f1ala que \u201csi bien nuestra Constituci\u00f3n nos describe como un pa\u00eds laico, que recibe todos los credos en ejercicio de la libertad de cultos, impedir que una figura p\u00fablica o que un gobernante declare sus creencias suena innecesario, por decir lo menos\u201d.<\/p>\n\n\n\n<p class=\"wp-block-paragraph\">\u201cEl Presidente no es cualquier ciudadano, por supuesto, aun cuando haya hecho esa declaraci\u00f3n desde su cuenta personal de Twitter, pero su afirmaci\u00f3n no irrespeta la libertad de cultos ni amenaza ning\u00fan otro derecho fundamental: quiz\u00e1s sea bueno que, sin bajar la guardia en la defensa de nuestra Constituci\u00f3n garantista, nuestros tribunales piensen dos veces antes de sumarse a luchas que ya han sido ganadas\u201d, agreg\u00f3.<\/p>\n\n\n\n<p class=\"wp-block-paragraph\">No es la primera vez que Iv\u00e1n Duque habla sobre la Virgen de Chiquinquir\u00e1. En 2019 el mandatario asisti\u00f3 a las celebraciones por los 100 a\u00f1os de la coronaci\u00f3n de la Madre de Dios en su santuario en el departamento de Tunja.<\/p>\n\n\n\n<p class=\"wp-block-paragraph\">\u201cVengo esta ma\u00f1ana como un peregrino. Vengo a rendirle honor a la Patrona de nuestro pa\u00eds, a esta maravillosa Virgen que ha iluminado a Colombia en todos los momentos, los de alegr\u00eda, los dif\u00edciles, pero siempre ha sabido guiar a esta naci\u00f3n por la senda del bien y en medio de las adversidades\u201d, dijo Duque el 9 de julio de 2019.<\/p>\n\n\n\n<p class=\"wp-block-paragraph\">El presidente expres\u00f3 su deseo para que \u201csurja una Colombia de fe, una Colombia grande, una Colombia de gente buena que hoy viene a rendirle tributo a su Virgen, a su Patrona, a esta Virgen de Chiquinquir\u00e1 que est\u00e1 presente en el coraz\u00f3n de toda la naci\u00f3n\u201d.<\/p>\n\n\n\n<p class=\"wp-block-paragraph\">\u201cVengo a pedirle a nuestra Patrona que ilumine a aquellos que han estado en el camino err\u00e1tico de la violencia, para que dejen ese camino oscuro y vean el destino de la legalidad y el destino de la concordia como la \u00fanica forma de construir una verdadera y genuina paz en todo el territorio\u201d, continu\u00f3.<\/p>\n\n\n\n<p class=\"wp-block-paragraph\">Tras alentar al cuidado de la casa com\u00fan como un camino para el desarrollo, el presidente pidi\u00f3 a la Patrona de Colombia \u201cque siembre en cada hogar de nuestra Patria un sentido de respeto fraterno y de devoci\u00f3n por la familia como n\u00facleo de la sociedad para que no tengamos m\u00e1s ni\u00f1os v\u00edctimas para que no veamos m\u00e1s abusos en la tierna ni\u00f1ez arrebatando su inocencia, para que logremos que desde la familia colombiana sembremos los valores que deben perdurar en el tiempo\u201d.<\/p>\n\n\n\n<p class=\"wp-block-paragraph\">Fuente: <a href=\"https:\/\/www.aciprensa.com\/noticias\/presidente-de-colombia-cuestiona-que-lo-ataquen-por-expresar-su-devocion-a-la-virgen-15398\">ACI Prensa<\/a><\/p>\n","protected":false},"excerpt":{"rendered":"<p>El presidente de Colombia, Iv\u00e1n Duque, cuestion\u00f3 que se le ataque por mencionar sus creencias religiosas, como hizo en Twitter sobre su devoci\u00f3n a la Virgen de Chiquinquir\u00e1, patrona del pa\u00eds, pero luego esas mismas personas no se quejan por los festivos o feriados religiosos. \u201cEn el pa\u00eds a veces veo que hay hipocres\u00edas, porque [&hellip;]<\/p>\n","protected":false},"author":6,"featured_media":17196,"comment_status":"open","ping_status":"open","sticky":false,"template":"","format":"standard","meta":{"footnotes":""},"categories":[81,80,83],"tags":[158,86],"class_list":["post-17195","post","type-post","status-publish","format-standard","has-post-thumbnail","hentry","category-derechos-humanos","category-internacional","category-noticias","tag-colombia","tag-libertad-religiosa"],"_links":{"self":[{"href":"https:\/\/observatoriolibertadreligiosa.org\/index.php?rest_route=\/wp\/v2\/posts\/17195","targetHints":{"allow":["GET"]}}],"collection":[{"href":"https:\/\/observatoriolibertadreligiosa.org\/index.php?rest_route=\/wp\/v2\/posts"}],"about":[{"href":"https:\/\/observatoriolibertadreligiosa.org\/index.php?rest_route=\/wp\/v2\/types\/post"}],"author":[{"embeddable":true,"href":"https:\/\/observatoriolibertadreligiosa.org\/index.php?rest_route=\/wp\/v2\/users\/6"}],"replies":[{"embeddable":true,"href":"https:\/\/observatoriolibertadreligiosa.org\/index.php?rest_route=%2Fwp%2Fv2%2Fcomments&post=17195"}],"version-history":[{"count":1,"href":"https:\/\/observatoriolibertadreligiosa.org\/index.php?rest_route=\/wp\/v2\/posts\/17195\/revisions"}],"predecessor-version":[{"id":17197,"href":"https:\/\/observatoriolibertadreligiosa.org\/index.php?rest_route=\/wp\/v2\/posts\/17195\/revisions\/17197"}],"wp:featuredmedia":[{"embeddable":true,"href":"https:\/\/observatoriolibertadreligiosa.org\/index.php?rest_route=\/wp\/v2\/media\/17196"}],"wp:attachment":[{"href":"https:\/\/observatoriolibertadreligiosa.org\/index.php?rest_route=%2Fwp%2Fv2%2Fmedia&parent=17195"}],"wp:term":[{"taxonomy":"category","embeddable":true,"href":"https:\/\/observatoriolibertadreligiosa.org\/index.php?rest_route=%2Fwp%2Fv2%2Fcategories&post=17195"},{"taxonomy":"post_tag","embeddable":true,"href":"https:\/\/observatoriolibertadreligiosa.org\/index.php?rest_route=%2Fwp%2Fv2%2Ftags&post=17195"}],"curies":[{"name":"wp","href":"https:\/\/api.w.org\/{rel}","templated":true}]}}