{"id":17192,"date":"2020-08-05T09:27:47","date_gmt":"2020-08-05T15:27:47","guid":{"rendered":"http:\/\/conciencianacional.org\/news\/?p=17192"},"modified":"2020-08-05T09:27:49","modified_gmt":"2020-08-05T15:27:49","slug":"internacional-premio-internacional-frank-wolf-a-la-libertad-religiosa-2020","status":"publish","type":"post","link":"https:\/\/observatoriolibertadreligiosa.org\/?p=17192","title":{"rendered":"(Internacional) Premio Internacional Frank Wolf a la Libertad Religiosa 2020"},"content":{"rendered":"\n<p class=\"wp-block-paragraph\">El tercer Premio Internacional Frank Wolf a la Libertad Religiosa celebra a un l\u00edder sobresaliente que trabaja para promover la libertad de religi\u00f3n o creencia, enfrent\u00e1ndose a la opresi\u00f3n en la b\u00fasqueda de la libertad de religi\u00f3n, creencia o conciencia. 21El fundador y presidente de Wilberforce, Randel Everett, anunci\u00f3 que el homenajeado en 2020 es el embajador en misi\u00f3n especial para la Libertad Religiosa Internacional, Sam Brownback.<\/p>\n\n\n\n<p class=\"wp-block-paragraph\">El embajador Brownback tiene un amplio historial de trabajo bipartidista en la promoci\u00f3n de la libertad religiosa y otros derechos humanos para personas de todo el mundo. Durante sus diecis\u00e9is a\u00f1os como congresista y senador de los Estados Unidos, Brownback fue un destacado defensor de la libertad religiosa internacional, abogando por reformas pol\u00edticas hist\u00f3ricas, as\u00ed como por el encarcelamiento de prisioneros de conciencia por su fe. Fue uno de los principales patrocinadores de la Ley de Libertad Religiosa Internacional de 1998 (IRFA), que estableci\u00f3 un mandato legal para la promoci\u00f3n de la libertad religiosa como elemento de la pol\u00edtica exterior de los Estados Unidos. La IRFA tambi\u00e9n cre\u00f3 el puesto actual de Brownback en la Oficina de Libertad Religiosa Internacional del Departamento de Estado y estableci\u00f3 la Comisi\u00f3n de Estados Unidos sobre Libertad Religiosa Internacional.<\/p>\n\n\n\n<p class=\"wp-block-paragraph\">El embajador Brownback fue el primer senador que fue a Darfur durante el genocidio y regres\u00f3 y habl\u00f3 para ayudar al pueblo de Sud\u00e1n. Tambi\u00e9n trabaj\u00f3 activamente en cuestiones de libertad religiosa en Egipto, China, Corea del Norte y muchos otros pa\u00edses.<\/p>\n\n\n\n<p class=\"wp-block-paragraph\">Desde su confirmaci\u00f3n como embajador en 2018, Brownback ha trabajado para construir un movimiento mundial entre los grupos de la sociedad civil y los gobiernos para promover la libertad religiosa internacional. Bajo su liderazgo, Estados Unidos inici\u00f3 y ha celebrado dos reuniones anuales hist\u00f3ricas de ministros para el avance de la libertad religiosa en Washington, DC, forj\u00f3 una relaci\u00f3n de trabajo con la Mesa Redonda Internacional sobre la Libertad Religiosa, y est\u00e1 trabajando para lanzar 100 mesas redondas similares en pa\u00edses de todo el mundo.<\/p>\n\n\n\n<p class=\"wp-block-paragraph\">La inspiraci\u00f3n para el premio proviene del congresista Frank Wolf, que ha trabajado incansablemente durante decenios para promover la libertad religiosa internacional y que posteriormente fue distinguido como Miembro Superior en 21Wilberforce. Conocido como el \u00abcampe\u00f3n de los derechos humanos\u00bb y la \u00abconciencia del Congreso\u00bb de la C\u00e1mara de Representantes, sirvi\u00f3 en el 10\u00ba distrito de Virginia durante 17 per\u00edodos desde 1982 hasta enero de 2015.<\/p>\n\n\n\n<p class=\"wp-block-paragraph\">El congresista Wolf ha viajado por todo el mundo para llamar la atenci\u00f3n sobre los abusos de los derechos humanos y la persecuci\u00f3n religiosa. Defendi\u00f3 y fue coautor de la Ley de Libertad Religiosa Internacional.<\/p>\n\n\n\n<p class=\"wp-block-paragraph\">\u00abSignifica mucho para m\u00ed que 21Wilberforce haya elegido presentar este premio al embajador Brownback. Sam y yo hemos sido amigos durante muchos a\u00f1os y hemos trabajado juntos en varios temas\u00bb, dijo el congresista Frank Wolf. \u00abCuando Sam estaba en el Congreso, se destac\u00f3 por su inter\u00e9s en los derechos humanos y la libertad religiosa. \u00c9l y yo fuimos los dos primeros miembros en ir a Darfur durante el genocidio. Sam regres\u00f3 y dirigi\u00f3 el esfuerzo para declarar lo que estaba sucediendo all\u00ed. Y ha seguido defendiendo admirablemente los derechos humanos y la libertad religiosa internacional durante su mandato como Embajador en misi\u00f3n especial para la libertad religiosa internacional\u00bb.<\/p>\n\n\n\n<p class=\"wp-block-paragraph\">Entre los anteriores galardonados se encuentran el arzobispo Ben y la Dra. Gloria Kwashi de Jos (Nigeria) y la ciudad de Midland (Texas). La ceremonia virtual del Premio Internacional Frank Wolf a la Libertad Religiosa 2020 se celebrar\u00e1 a finales de septiembre.<\/p>\n\n\n\n<p class=\"wp-block-paragraph\">Fuente: <a href=\"https:\/\/finance.yahoo.com\/news\/2020-frank-wolf-international-religious-120000184.html\">Yahoo! Finance<\/a><\/p>\n","protected":false},"excerpt":{"rendered":"<p>El tercer Premio Internacional Frank Wolf a la Libertad Religiosa celebra a un l\u00edder sobresaliente que trabaja para promover la libertad de religi\u00f3n o creencia, enfrent\u00e1ndose a la opresi\u00f3n en la b\u00fasqueda de la libertad de religi\u00f3n, creencia o conciencia. 21El fundador y presidente de Wilberforce, Randel Everett, anunci\u00f3 que el homenajeado en 2020 es [&hellip;]<\/p>\n","protected":false},"author":6,"featured_media":17193,"comment_status":"open","ping_status":"open","sticky":false,"template":"","format":"standard","meta":{"footnotes":""},"categories":[81,80,83],"tags":[85,86],"class_list":["post-17192","post","type-post","status-publish","format-standard","has-post-thumbnail","hentry","category-derechos-humanos","category-internacional","category-noticias","tag-internacional","tag-libertad-religiosa"],"_links":{"self":[{"href":"https:\/\/observatoriolibertadreligiosa.org\/index.php?rest_route=\/wp\/v2\/posts\/17192","targetHints":{"allow":["GET"]}}],"collection":[{"href":"https:\/\/observatoriolibertadreligiosa.org\/index.php?rest_route=\/wp\/v2\/posts"}],"about":[{"href":"https:\/\/observatoriolibertadreligiosa.org\/index.php?rest_route=\/wp\/v2\/types\/post"}],"author":[{"embeddable":true,"href":"https:\/\/observatoriolibertadreligiosa.org\/index.php?rest_route=\/wp\/v2\/users\/6"}],"replies":[{"embeddable":true,"href":"https:\/\/observatoriolibertadreligiosa.org\/index.php?rest_route=%2Fwp%2Fv2%2Fcomments&post=17192"}],"version-history":[{"count":1,"href":"https:\/\/observatoriolibertadreligiosa.org\/index.php?rest_route=\/wp\/v2\/posts\/17192\/revisions"}],"predecessor-version":[{"id":17194,"href":"https:\/\/observatoriolibertadreligiosa.org\/index.php?rest_route=\/wp\/v2\/posts\/17192\/revisions\/17194"}],"wp:featuredmedia":[{"embeddable":true,"href":"https:\/\/observatoriolibertadreligiosa.org\/index.php?rest_route=\/wp\/v2\/media\/17193"}],"wp:attachment":[{"href":"https:\/\/observatoriolibertadreligiosa.org\/index.php?rest_route=%2Fwp%2Fv2%2Fmedia&parent=17192"}],"wp:term":[{"taxonomy":"category","embeddable":true,"href":"https:\/\/observatoriolibertadreligiosa.org\/index.php?rest_route=%2Fwp%2Fv2%2Fcategories&post=17192"},{"taxonomy":"post_tag","embeddable":true,"href":"https:\/\/observatoriolibertadreligiosa.org\/index.php?rest_route=%2Fwp%2Fv2%2Ftags&post=17192"}],"curies":[{"name":"wp","href":"https:\/\/api.w.org\/{rel}","templated":true}]}}