{"id":17189,"date":"2020-08-05T09:23:16","date_gmt":"2020-08-05T15:23:16","guid":{"rendered":"http:\/\/conciencianacional.org\/news\/?p=17189"},"modified":"2020-08-05T09:23:17","modified_gmt":"2020-08-05T15:23:17","slug":"europa-nueva-provincia-jesuita-de-europa-central-a-partir-de-abril-de-2021","status":"publish","type":"post","link":"https:\/\/observatoriolibertadreligiosa.org\/?p=17189","title":{"rendered":"(Europa) Nueva Provincia jesuita de Europa Central a partir de abril de 2021"},"content":{"rendered":"\n<p class=\"wp-block-paragraph\">Una \u00abfuerte se\u00f1al contra el nacionalismo emergente\u00bb: as\u00ed es como el padre jesuita Bernhard B\u00fcrgler define la unificaci\u00f3n de las cuatro Provincias de Alemania, Austria, Lituania-Letonia y Suiza de la Compa\u00f1\u00eda de Jes\u00fas, que se unir\u00e1n en la nueva Provincia de Europa Central a partir del 27 de abril de 2021. Con 60 a\u00f1os de edad, originario del Tirol Oriental y psicoterapeuta de formaci\u00f3n, el religioso, que desde el 2014 es Provincial de los jesuitas de Austria, ser\u00e1 el primer Superior de la futura Provincia que incluir\u00e1 a 442 religiosos ignacianos distribuidos en 36 lugares.<\/p>\n\n\n\n<p class=\"wp-block-paragraph\">En una entrevista publicada en la p\u00e1gina web de la emisora cat\u00f3lica alemana \u00abDomradio\u00bb en Colonia el Padre B\u00fcrgler afirma:<\/p>\n\n\n\n<blockquote class=\"wp-block-quote is-layout-flow wp-block-quote-is-layout-flow\"><p>\u201cDemostramos que una visi\u00f3n m\u00e1s amplia tiene sus ventajas y est\u00e1 m\u00e1s en sinton\u00eda con el hecho de ser cristianos\u201d<\/p><\/blockquote>\n\n\n\n<p class=\"wp-block-paragraph\">Seg\u00fan el actual \u00a0Provincial de los jesuitas de Austria, con el paso del tiempo las diferencias nacionales pierden importancia, de ah\u00ed que se\u00f1ale:<\/p>\n\n\n\n<blockquote class=\"wp-block-quote is-layout-flow wp-block-quote-is-layout-flow\"><p>\u201cPor lo tanto, seremos capaces de utilizar las riquezas de la espiritualidad ignaciana de manera m\u00e1s fecunda para la fe, la justicia, el di\u00e1logo intercultural y la reconciliaci\u00f3n\u201d<\/p><\/blockquote>\n\n\n\n<p class=\"wp-block-paragraph\">Y se\u00f1ala, \u00abel carisma de la Orden de los Jesuitas ha estado abierto al mundo desde sus inicios: \u00abLos primeros compa\u00f1eros de nuestro fundador, Ignacio de Loyola \u2013 dice \u2013 proced\u00edan de diferentes naciones. Ignacio jam\u00e1s pensaba en una perspectiva nacional, sino mundial: tanto para las zonas a las que quer\u00eda enviar a las personas, como para el lugar de donde proced\u00edan\u00bb.<\/p>\n\n\n\n<p class=\"wp-block-paragraph\">Objetivo de la fusi\u00f3n<\/p>\n\n\n\n<p class=\"wp-block-paragraph\">El objetivo de la fusi\u00f3n es el de unir las fuerzas en una fase en que los recursos financieros y humanos son m\u00e1s reducidos, explica adem\u00e1s el Padre B\u00fcrgler. Y manifiesta la esperanza de que los jesuitas de la nueva Provincia puedan estar presentes sobre todo en los \u00e1mbitos de la espiritualidad, de la educaci\u00f3n y de la sociedad:<\/p>\n\n\n\n<blockquote class=\"wp-block-quote is-layout-flow wp-block-quote-is-layout-flow\"><p>\u201cSi lograremos distinguirnos a\u00fan m\u00e1s en estos \u00e1mbitos, creo que seremos capaces de dar una contribuci\u00f3n a las personas, pero tambi\u00e9n dentro de la Iglesia y por la Iglesia\u201d<\/p><\/blockquote>\n\n\n\n<p class=\"wp-block-paragraph\">Hay que recordar que la creaci\u00f3n de la nueva Provincia europea de la Compa\u00f1\u00eda de Jes\u00fas sigue a la de la Provincia Euro-mediterr\u00e1nea, nacida en 2017 de la unificaci\u00f3n de las tres Provincias de Italia, Albania y Malta, con un total de m\u00e1s de 500 jesuitas.<\/p>\n\n\n\n<p class=\"wp-block-paragraph\">Fuente: <a href=\"https:\/\/www.vaticannews.va\/es\/iglesia\/news\/2020-08\/nueva-provincia-jesuita-de-europa-central-a-partir-de-abril-de-2.html\">Vatican News<\/a><\/p>\n","protected":false},"excerpt":{"rendered":"<p>Una \u00abfuerte se\u00f1al contra el nacionalismo emergente\u00bb: as\u00ed es como el padre jesuita Bernhard B\u00fcrgler define la unificaci\u00f3n de las cuatro Provincias de Alemania, Austria, Lituania-Letonia y Suiza de la Compa\u00f1\u00eda de Jes\u00fas, que se unir\u00e1n en la nueva Provincia de Europa Central a partir del 27 de abril de 2021. Con 60 a\u00f1os de [&hellip;]<\/p>\n","protected":false},"author":6,"featured_media":17190,"comment_status":"open","ping_status":"open","sticky":false,"template":"","format":"standard","meta":{"footnotes":""},"categories":[81,80,83],"tags":[341,86],"class_list":["post-17189","post","type-post","status-publish","format-standard","has-post-thumbnail","hentry","category-derechos-humanos","category-internacional","category-noticias","tag-europa","tag-libertad-religiosa"],"_links":{"self":[{"href":"https:\/\/observatoriolibertadreligiosa.org\/index.php?rest_route=\/wp\/v2\/posts\/17189","targetHints":{"allow":["GET"]}}],"collection":[{"href":"https:\/\/observatoriolibertadreligiosa.org\/index.php?rest_route=\/wp\/v2\/posts"}],"about":[{"href":"https:\/\/observatoriolibertadreligiosa.org\/index.php?rest_route=\/wp\/v2\/types\/post"}],"author":[{"embeddable":true,"href":"https:\/\/observatoriolibertadreligiosa.org\/index.php?rest_route=\/wp\/v2\/users\/6"}],"replies":[{"embeddable":true,"href":"https:\/\/observatoriolibertadreligiosa.org\/index.php?rest_route=%2Fwp%2Fv2%2Fcomments&post=17189"}],"version-history":[{"count":1,"href":"https:\/\/observatoriolibertadreligiosa.org\/index.php?rest_route=\/wp\/v2\/posts\/17189\/revisions"}],"predecessor-version":[{"id":17191,"href":"https:\/\/observatoriolibertadreligiosa.org\/index.php?rest_route=\/wp\/v2\/posts\/17189\/revisions\/17191"}],"wp:featuredmedia":[{"embeddable":true,"href":"https:\/\/observatoriolibertadreligiosa.org\/index.php?rest_route=\/wp\/v2\/media\/17190"}],"wp:attachment":[{"href":"https:\/\/observatoriolibertadreligiosa.org\/index.php?rest_route=%2Fwp%2Fv2%2Fmedia&parent=17189"}],"wp:term":[{"taxonomy":"category","embeddable":true,"href":"https:\/\/observatoriolibertadreligiosa.org\/index.php?rest_route=%2Fwp%2Fv2%2Fcategories&post=17189"},{"taxonomy":"post_tag","embeddable":true,"href":"https:\/\/observatoriolibertadreligiosa.org\/index.php?rest_route=%2Fwp%2Fv2%2Ftags&post=17189"}],"curies":[{"name":"wp","href":"https:\/\/api.w.org\/{rel}","templated":true}]}}